{"id":1463,"date":"2023-04-10T11:49:54","date_gmt":"2023-04-10T18:49:54","guid":{"rendered":"http:\/\/comisioncontralores.gob.mx\/2023\/?p=1463"},"modified":"2023-04-17T17:42:46","modified_gmt":"2023-04-18T00:42:46","slug":"primera-asamblea-ordinaria-2023-de-la-region-noreste-de-la-comision-permanente-de-contralores-estados-federacion-cpce-f","status":"publish","type":"post","link":"https:\/\/comisioncontralores.gob.mx\/2023\/primera-asamblea-ordinaria-2023-de-la-region-noreste-de-la-comision-permanente-de-contralores-estados-federacion-cpce-f\/","title":{"rendered":"Primera Asamblea Ordinaria 2023 de la Regi\u00f3n Noreste de la Comisi\u00f3n Permanente de Contralores Estados-Federaci\u00f3n (CPCE-F)"},"content":{"rendered":"<p>Realizan con \u00e9xito primera Asamblea 2023 de la Regi\u00f3n Noreste<\/p>\n<p>Monterrey, Nuevo Le\u00f3n; 24 de marzo 2023.- Se llev\u00f3 a cabo la Primera Asamblea Ordinaria 2023 de la Regi\u00f3n Noreste de la Comisi\u00f3n Permanente de Contralores Estados-Federaci\u00f3n (CPCE-F), con la participaci\u00f3n de las y los titulares de los \u00d3rganos Estatales de Control de Durango, Nuevo Le\u00f3n, Tamaulipas y San Luis Potos\u00ed, as\u00ed como representante del estado de Coahuila.<\/p>\n<p>En la reuni\u00f3n se dio seguimiento a las l\u00edneas de acci\u00f3n de Creaci\u00f3n de Capacidades, Plataforma Digital de la CPCE-F (Academia de Contralores), en las cuales trabajan de manera conjunta y constante, as\u00ed mismo se presentaron los avances de Coordinaci\u00f3n Nacional sobre Vocer\u00eda y Comisar\u00eda.<\/p>\n<p>El mensaje de bienvenida estuvo a cargo de Mar\u00eda Teresa Herrera Tello, Titular de la Contralor\u00eda y Transparencia Gubernamental del Estado de Nuevo Le\u00f3n y Coordinadora de la Regi\u00f3n Noreste de la CPCE-F, quien agradeci\u00f3 la asistencia de las y los presentes, junto a Eduardo Gurza Curiel, Titular de la Unidad de Auditor\u00eda a Contrataciones P\u00fablicas y Encargado de Despacho de la Subsecretar\u00eda de Fiscalizaci\u00f3n y Combate a la Corrupci\u00f3n de la Secretar\u00eda de la Funci\u00f3n P\u00fablica (SFP) y Juan Jos\u00e9 Serrano Mendoza, Secretario de la Contralor\u00eda General de la Ciudad de M\u00e9xico y Coordinador Nacional de la CPCE-F, coincidieron en la importancia de las acciones encaminadas al \u00f3ptimo desarrollo de la administraci\u00f3n p\u00fablica.<\/p>\n<p>En el desarrollo de la reuni\u00f3n, se definieron y aportaron avances de los proyectos seminario de auditor\u00eda gubernamental, fortalecimiento, planeaci\u00f3n y ejecuci\u00f3n de auditor\u00eda a fondos y programas federalizados, fortalecimiento a la creaci\u00f3n de capacidades, fortalecimiento de combate a la corrupci\u00f3n mediante el curso de normas profesionales de auditor\u00eda del Sistema Nacional de Fiscalizaci\u00f3n; fortalecimiento de capacidades de ejecutores del gasto y la actualizaci\u00f3n de la plataforma para la creaci\u00f3n de capacidades de los integrantes de la CPCE-F.<\/p>\n<p>Como parte de las capacitaciones constantes a las y los \u00d3rganos Estatales de Control (OEC) de todo el pa\u00eds, se imparti\u00f3 la ponencia \u201cRecurso de Revisi\u00f3n previsto en la Ley General de Responsabilidades Administrativas\u201d, a cargo de David Pr\u00f3spero Cardoso Hermosillo, Magistrado Presidente del Segundo Tribunal Colegiado en Materia Administrativa del Cuarto Circuito y \u201cFiscalizaci\u00f3n a contrataciones p\u00fablicas\u201d a cargo de Eduardo Gurza Curiel, Titular de la Unidad de Auditor\u00eda a Contrataciones P\u00fablicas y Encargado de Despacho de la Subsecretar\u00eda de Fiscalizaci\u00f3n y Combate a la Corrupci\u00f3n de la Secretar\u00eda de la Funci\u00f3n P\u00fablica y Presidente Suplente de la CPCE-F, a quienes se les reconoci\u00f3 por su participaci\u00f3n.<\/p>\n<p>Las y los secretarios t\u00e9cnicos de los OEC de la regi\u00f3n Noreste, de la Coordinaci\u00f3n Nacional y personal de la Secretar\u00eda de la Funci\u00f3n P\u00fablica, se dieron a la tarea de coordinar las actividades con anticipaci\u00f3n, realizando la Reuni\u00f3n Previa el d\u00eda 23 de marzo, desde donde detallaron la agenda de actividades hacia la Asamblea Ordinaria.<\/p>\n","protected":false},"excerpt":{"rendered":"<p>Realizan con \u00e9xito primera Asamblea 2023 de la Regi\u00f3n Noreste Monterrey, Nuevo Le\u00f3n; 24 de marzo 2023.- Se llev\u00f3 a cabo la Primera Asamblea Ordinaria 2023 de la Regi\u00f3n Noreste [&hellip;]<\/p>\n","protected":false},"author":3,"featured_media":1960,"comment_status":"open","ping_status":"open","sticky":false,"template":"","format":"standard","meta":{"_acf_changed":false,"footnotes":""},"categories":[1],"tags":[],"class_list":["post-1463","post","type-post","status-publish","format-standard","has-post-thumbnail","hentry","category-uncategorized"],"acf":[],"_links":{"self":[{"href":"https:\/\/comisioncontralores.gob.mx\/2023\/wp-json\/wp\/v2\/posts\/1463","targetHints":{"allow":["GET"]}}],"collection":[{"href":"https:\/\/comisioncontralores.gob.mx\/2023\/wp-json\/wp\/v2\/posts"}],"about":[{"href":"https:\/\/comisioncontralores.gob.mx\/2023\/wp-json\/wp\/v2\/types\/post"}],"author":[{"embeddable":true,"href":"https:\/\/comisioncontralores.gob.mx\/2023\/wp-json\/wp\/v2\/users\/3"}],"replies":[{"embeddable":true,"href":"https:\/\/comisioncontralores.gob.mx\/2023\/wp-json\/wp\/v2\/comments?post=1463"}],"version-history":[{"count":1,"href":"https:\/\/comisioncontralores.gob.mx\/2023\/wp-json\/wp\/v2\/posts\/1463\/revisions"}],"predecessor-version":[{"id":1464,"href":"https:\/\/comisioncontralores.gob.mx\/2023\/wp-json\/wp\/v2\/posts\/1463\/revisions\/1464"}],"wp:featuredmedia":[{"embeddable":true,"href":"https:\/\/comisioncontralores.gob.mx\/2023\/wp-json\/wp\/v2\/media\/1960"}],"wp:attachment":[{"href":"https:\/\/comisioncontralores.gob.mx\/2023\/wp-json\/wp\/v2\/media?parent=1463"}],"wp:term":[{"taxonomy":"category","embeddable":true,"href":"https:\/\/comisioncontralores.gob.mx\/2023\/wp-json\/wp\/v2\/categories?post=1463"},{"taxonomy":"post_tag","embeddable":true,"href":"https:\/\/comisioncontralores.gob.mx\/2023\/wp-json\/wp\/v2\/tags?post=1463"}],"curies":[{"name":"wp","href":"https:\/\/api.w.org\/{rel}","templated":true}]}}