{"id":2646,"date":"2021-02-18T09:44:44","date_gmt":"2021-02-18T16:44:44","guid":{"rendered":"http:\/\/comisioncontralores.gob.mx\/2023\/?p=2646"},"modified":"2023-07-03T09:44:54","modified_gmt":"2023-07-03T16:44:54","slug":"en-reunion-extraordinaria-contralores-centro-golfo-istmo-aprueban-convocatorias-para-concursos-nacionales-2021","status":"publish","type":"post","link":"https:\/\/comisioncontralores.gob.mx\/2023\/en-reunion-extraordinaria-contralores-centro-golfo-istmo-aprueban-convocatorias-para-concursos-nacionales-2021\/","title":{"rendered":"En reuni\u00f3n extraordinaria, Contralores Centro Golfo Istmo aprueban  convocatorias para concursos nacionales 2021"},"content":{"rendered":"<p>La regi\u00f3n Centro-Golfo-Istmo de la Comisi\u00f3n permanente de Contralores Estados<br \/>\nFederaci\u00f3n (CPCE-F), celebr\u00f3 este jueves su Primera Asamblea extraordinaria, donde por<br \/>\nunanimidad, las Contraloras de Puebla Tlaxcala y Veracruz, y los Contralores de Hidalgo<br \/>\ny de Oaxaca, que son quienes integran esta regi\u00f3n, aprobaron las bases para sus dos<br \/>\ncert\u00e1menes anuales m\u00e1s importantes, el Concurso Nacional Transparencia en Corto y el<br \/>\nPremio Nacional de Contralor\u00eda Social.<br \/>\nLa Coordinadora de los Contralores del Pa\u00eds y titular de la Contralor\u00eda de Yucat\u00e1n, Lizbeth<br \/>\nBasto Avil\u00e9s, celebr\u00f3 la relevancia que los \u00f3rganos de control den a convocatorias que<br \/>\npersiguen el objetivo de la Comisi\u00f3n, el acercamiento y participaci\u00f3n ciudadana, que sean<br \/>\nlas mujeres y hombres de M\u00e9xico los que marquen la pauta sobre las pr\u00e1cticas para<br \/>\nfortalecer la legalidad y la transparencia.<br \/>\nEnseguida, felicit\u00f3 la plataforma digital creada por el Vocero de la Comisi\u00f3n, Jos\u00e9 \u00c1ngel<br \/>\nD\u00edaz Navarro, para alojar en un espacio especifico oficial, todos los trabajos que se<br \/>\ninscriban en el marco del Concurso Nacional Transparencia en Corto. Pese a las<br \/>\nrestricciones de movilidad a causa de la pandemia por covid-19 no hay l\u00edmite para que<br \/>\nlas y los interesados en participar suban sus contenidos, bastar\u00e1 ingresar sus datos<br \/>\npersonales en el formulario abierto para efectos del certamen; as\u00ed tambi\u00e9n los trabajos<br \/>\npodr\u00e1n ser enviados v\u00eda postal a las Contralor\u00edas de cada Estado; esto una vez que sea<br \/>\npublicada la convocatoria. Reconoci\u00f3 la importancia del uso de mecanismos y<br \/>\nherramientas digitales, ahora m\u00e1s que nunca, para volver m\u00e1s eficientes procesos y poner<br \/>\na disposici\u00f3n de la ciudadan\u00eda informaci\u00f3n y tr\u00e1mites gubernamentales.<br \/>\nLa convocatoria para el XV Concurso Nacional Transparencia en Corto ser\u00e1 publicada a<br \/>\ntrav\u00e9s de todos los portales oficiales de las contralor\u00edas del pa\u00eds, y de la p\u00e1gina oficial de<br \/>\nla Comisi\u00f3n Permanente de Contralores Estados Federaci\u00f3n (CPCE-F)., dentro de ella se<br \/>\nprecisar\u00e1n las bases del concurso, como fechas, requisitos y todo lo referente a la<br \/>\npremiaci\u00f3n<\/p>\n","protected":false},"excerpt":{"rendered":"<p>La regi\u00f3n Centro-Golfo-Istmo de la Comisi\u00f3n permanente de Contralores Estados Federaci\u00f3n (CPCE-F), celebr\u00f3 este jueves su Primera Asamblea extraordinaria, donde por unanimidad, las Contraloras de Puebla Tlaxcala y Veracruz, y [&hellip;]<\/p>\n","protected":false},"author":3,"featured_media":0,"comment_status":"open","ping_status":"open","sticky":false,"template":"","format":"standard","meta":{"_acf_changed":false,"footnotes":""},"categories":[1],"tags":[],"class_list":["post-2646","post","type-post","status-publish","format-standard","hentry","category-uncategorized"],"acf":[],"_links":{"self":[{"href":"https:\/\/comisioncontralores.gob.mx\/2023\/wp-json\/wp\/v2\/posts\/2646","targetHints":{"allow":["GET"]}}],"collection":[{"href":"https:\/\/comisioncontralores.gob.mx\/2023\/wp-json\/wp\/v2\/posts"}],"about":[{"href":"https:\/\/comisioncontralores.gob.mx\/2023\/wp-json\/wp\/v2\/types\/post"}],"author":[{"embeddable":true,"href":"https:\/\/comisioncontralores.gob.mx\/2023\/wp-json\/wp\/v2\/users\/3"}],"replies":[{"embeddable":true,"href":"https:\/\/comisioncontralores.gob.mx\/2023\/wp-json\/wp\/v2\/comments?post=2646"}],"version-history":[{"count":1,"href":"https:\/\/comisioncontralores.gob.mx\/2023\/wp-json\/wp\/v2\/posts\/2646\/revisions"}],"predecessor-version":[{"id":2647,"href":"https:\/\/comisioncontralores.gob.mx\/2023\/wp-json\/wp\/v2\/posts\/2646\/revisions\/2647"}],"wp:attachment":[{"href":"https:\/\/comisioncontralores.gob.mx\/2023\/wp-json\/wp\/v2\/media?parent=2646"}],"wp:term":[{"taxonomy":"category","embeddable":true,"href":"https:\/\/comisioncontralores.gob.mx\/2023\/wp-json\/wp\/v2\/categories?post=2646"},{"taxonomy":"post_tag","embeddable":true,"href":"https:\/\/comisioncontralores.gob.mx\/2023\/wp-json\/wp\/v2\/tags?post=2646"}],"curies":[{"name":"wp","href":"https:\/\/api.w.org\/{rel}","templated":true}]}}