{"id":2658,"date":"2021-04-09T09:49:20","date_gmt":"2021-04-09T16:49:20","guid":{"rendered":"http:\/\/comisioncontralores.gob.mx\/2023\/?p=2658"},"modified":"2023-07-03T09:50:02","modified_gmt":"2023-07-03T16:50:02","slug":"estrechan-colaboracion-organos-de-contraloria-de-mexico-y-los-ee-uu","status":"publish","type":"post","link":"https:\/\/comisioncontralores.gob.mx\/2023\/estrechan-colaboracion-organos-de-contraloria-de-mexico-y-los-ee-uu\/","title":{"rendered":"Estrechan colaboraci\u00f3n \u00f3rganos de contralor\u00eda de M\u00e9xico y  los EE.UU."},"content":{"rendered":"<p>Los miembros de la Comisi\u00f3n Permanente de Contralores Estados-Federaci\u00f3n de<br \/>\nM\u00e9xico y su similar de los Estados Unidos de Am\u00e9rica, compartieron experiencias y<br \/>\nconocimientos, a trav\u00e9s de la celebraci\u00f3n del segundo foro binacional virtual.<br \/>\nSe trata de la Asociaci\u00f3n Nacional de Auditores, Contralores y Tesoreros Estatales de<br \/>\nlos Estados Unidos (NASACT, por sus siglas en ingl\u00e9s), organismo que, desde su<br \/>\ncreaci\u00f3n en el a\u00f1o 1915 en Washington DC, mantiene una estrecha colaboraci\u00f3n con<br \/>\nautoridades de M\u00e9xico, respecto al intercambio de experiencias y conocimientos en<br \/>\nmateria de contralor\u00eda, auditor\u00edas y combate a la corrupci\u00f3n.<br \/>\nEn la videoconferencia realizada en ingl\u00e9s, participaron Elaine M. Howle, auditora del<br \/>\nEstado de California y Presidenta del NASACT, con casi 35 a\u00f1os de experiencia en<br \/>\nmateria de auditor\u00eda, administraci\u00f3n y liderazgo, en la Oficina de Auditor\u00eda del Estado de<br \/>\nCalifornia, Estados Unidos. Tambi\u00e9n, ha recibido varios premios y reconocimientos<br \/>\nnacionales y participa en varios comit\u00e9s de organizaciones nacionales; es Contadora<br \/>\nP\u00fablica Certificada y Administradora Financiera Gubernamental Certificada. Asimismo,<br \/>\nRichard Eckstrom, Contralor General de Carolina del Sur y Vicepresidente de la<br \/>\nNASACT; y . Kinney Poynter, Consejero Delegado de la NASACT, quien resulta<br \/>\nresponsable de todas las operaciones de la NASACT, as\u00ed como de los programas de la<br \/>\nAsociaci\u00f3n Nacional de Contralores Estatales y de la Asociaci\u00f3n Nacional de Auditores<br \/>\nEstatales.<br \/>\nLa bienvenida al foro binacional corri\u00f3 a cargo de la Coordinadora Nacional de los<br \/>\nContralores de M\u00e9xico, la Maestra Lizbeth Basto Avil\u00e9s, quien ponder\u00f3 el esfuerzo e<br \/>\ninter\u00e9s de sus pares norteamericanos para seguir estrechando lazos de colaboraci\u00f3n.<br \/>\nDetall\u00f3 las acciones que se emprenden en M\u00e9xico, en conjunto con la Secretar\u00eda de la<br \/>\nFunci\u00f3n P\u00fablica del gobierno federal, a fin de evitar actos de corrupci\u00f3n y fortalecer el<br \/>\nservicio p\u00fablico.<br \/>\nDurante la mesa panel \u201cExperiencias en ejecuci\u00f3n de auditor\u00edas en tiempo real\u201d, tomaron<br \/>\nparte la Contralora Teresa Guajardo Berlanga, por parte del Estado de Coahuila, y el<br \/>\nContralor Juan Jos\u00e9 Serrano Mendoza, de la Ciudad de M\u00e9xico.<\/p>\n<p>Elaine Howle, presidenta del NASACT, habl\u00f3 del tema \u201cSeguimiento de auditor\u00edas\u201d,<br \/>\nmientras que Richard Eckstrom, de Carolina del Sur, sobre \u201cResponsabilidad y<br \/>\ntransparencia presupuestaria\u201d.<br \/>\nCerr\u00f3 el panel Kinney Poynter, quien clausur\u00f3 el encuentro binacional, en que<br \/>\nconvinieron las y los Contralores del pa\u00eds, adem\u00e1s seguir intercambiando experiencias<br \/>\nde manera peri\u00f3dica.<br \/>\nEl exitoso evento persigui\u00f3 el objetivo de promover el intercambio de perspectivas que<br \/>\npermitan conocer el funcionamiento de ambas instancias en el contexto correspondiente,<br \/>\ny cobra especial relevancia como una oportunidad para promover la vinculaci\u00f3n de la<br \/>\nCPCE-F con actores clave relacionados con las labores de control, fiscalizaci\u00f3n y<br \/>\nrendici\u00f3n de cuentas en el \u00e1mbito internacional, con la intenci\u00f3n de promover una mejor<br \/>\ntrazabilidad en los proyectos y actividades a definir en el futuro con enfoque a maximizar<br \/>\nel impacto de los resultados alcanzados a nivel nacional.<br \/>\nEl foro binacional es el segundo evento del tipo que se realiza entre ambas asociaciones;<br \/>\nel primero fue celebrado el pasado 4 de diciembre de 2020.<br \/>\nAutor: Vocer\u00eda de la CPCE-F<br \/>\nFecha de publicaci\u00f3n: 10 de abril de 20201<\/p>\n","protected":false},"excerpt":{"rendered":"<p>Los miembros de la Comisi\u00f3n Permanente de Contralores Estados-Federaci\u00f3n de M\u00e9xico y su similar de los Estados Unidos de Am\u00e9rica, compartieron experiencias y conocimientos, a trav\u00e9s de la celebraci\u00f3n del [&hellip;]<\/p>\n","protected":false},"author":3,"featured_media":0,"comment_status":"open","ping_status":"open","sticky":false,"template":"","format":"standard","meta":{"_acf_changed":false,"footnotes":""},"categories":[1],"tags":[],"class_list":["post-2658","post","type-post","status-publish","format-standard","hentry","category-uncategorized"],"acf":[],"_links":{"self":[{"href":"https:\/\/comisioncontralores.gob.mx\/2023\/wp-json\/wp\/v2\/posts\/2658","targetHints":{"allow":["GET"]}}],"collection":[{"href":"https:\/\/comisioncontralores.gob.mx\/2023\/wp-json\/wp\/v2\/posts"}],"about":[{"href":"https:\/\/comisioncontralores.gob.mx\/2023\/wp-json\/wp\/v2\/types\/post"}],"author":[{"embeddable":true,"href":"https:\/\/comisioncontralores.gob.mx\/2023\/wp-json\/wp\/v2\/users\/3"}],"replies":[{"embeddable":true,"href":"https:\/\/comisioncontralores.gob.mx\/2023\/wp-json\/wp\/v2\/comments?post=2658"}],"version-history":[{"count":1,"href":"https:\/\/comisioncontralores.gob.mx\/2023\/wp-json\/wp\/v2\/posts\/2658\/revisions"}],"predecessor-version":[{"id":2659,"href":"https:\/\/comisioncontralores.gob.mx\/2023\/wp-json\/wp\/v2\/posts\/2658\/revisions\/2659"}],"wp:attachment":[{"href":"https:\/\/comisioncontralores.gob.mx\/2023\/wp-json\/wp\/v2\/media?parent=2658"}],"wp:term":[{"taxonomy":"category","embeddable":true,"href":"https:\/\/comisioncontralores.gob.mx\/2023\/wp-json\/wp\/v2\/categories?post=2658"},{"taxonomy":"post_tag","embeddable":true,"href":"https:\/\/comisioncontralores.gob.mx\/2023\/wp-json\/wp\/v2\/tags?post=2658"}],"curies":[{"name":"wp","href":"https:\/\/api.w.org\/{rel}","templated":true}]}}