{"id":2664,"date":"2021-04-22T09:51:30","date_gmt":"2021-04-22T16:51:30","guid":{"rendered":"http:\/\/comisioncontralores.gob.mx\/2023\/?p=2664"},"modified":"2023-07-03T09:51:53","modified_gmt":"2023-07-03T16:51:53","slug":"equipos-de-comunicacion-de-comision-de-contralores-estados-federacion-comparten-experiencias-respecto-a-la-declaracion-patrimonial","status":"publish","type":"post","link":"https:\/\/comisioncontralores.gob.mx\/2023\/equipos-de-comunicacion-de-comision-de-contralores-estados-federacion-comparten-experiencias-respecto-a-la-declaracion-patrimonial\/","title":{"rendered":"Equipos de comunicaci\u00f3n de Comisi\u00f3n de Contralores  Estados-Federaci\u00f3n, comparten experiencias respecto a la declaraci\u00f3n patrimonial"},"content":{"rendered":"<p>Con el prop\u00f3sito de despejar dudas e implementar estrategias locales inmediatas ante<br \/>\nla pr\u00f3xima entrada en vigor de los nuevos formatos para la presentaci\u00f3n de la declaraci\u00f3n<br \/>\npatrimonial en Estados y Municipios del pa\u00eds, equipos de comunicaci\u00f3n de integrantes<br \/>\nde la Comisi\u00f3n Permanente de Contralores Estados-Federaci\u00f3n se reunieron hoy de<br \/>\nmanera virtual.<br \/>\nEl Director General de Comunicaci\u00f3n Social de la Secretar\u00eda de la Funci\u00f3n P\u00fablica,<br \/>\nRaymundo Alva Huitr\u00f3n, fue el encargado de dar una pl\u00e1tica a los responsables de<br \/>\nprensa de las 32 entidades del pa\u00eds de dicho \u00f3rgano.<br \/>\nLa bienvenida a nombre de la Coordinadora Nacional de la Comisi\u00f3n Permanente,<br \/>\nLizbeth Basto Avil\u00e9s, estuvo a cargo del Vocero de los Contralores, Jos\u00e9 \u00c1ngel D\u00edaz<br \/>\nNavarro, quien agradeci\u00f3 la aportaci\u00f3n de Alva Huitr\u00f3n a estos trabajos y el intercambio<br \/>\nde experiencias entre los m\u00e1s de 109 participantes en el encuentro virtual.<br \/>\nEl responsable de Comunicaci\u00f3n Social de la Secretar\u00eda de la Funci\u00f3n P\u00fablica hizo una<br \/>\nexposici\u00f3n amplia y clara acerca del esquema que se implement\u00f3 desde la dependencia<br \/>\nfederal a fin de promover el cumplimiento de la obligaci\u00f3n constitucional que persigue el<br \/>\nSistema Nacional Anticorrupci\u00f3n. Detall\u00f3 que, con el antiguo esquema, hab\u00eda alrededor<br \/>\nde 400 mil funcionarias y funcionarios que ten\u00edan que declarar; sin embargo, bajo los<br \/>\nnuevos formatos aprobados por el Comit\u00e9 Coordinador, sumaron m\u00e1s de un mill\u00f3n de<br \/>\npersonas servidoras p\u00fablicas las que declarar\u00edan por primera vez en 2020.<br \/>\nPara ello, en primer t\u00e9rmino, se implement\u00f3 una diagn\u00f3stico y an\u00e1lisis acerca de la<br \/>\nproblem\u00e1tica para alcanzar a todos los servidores p\u00fablicos que deb\u00edan cumplir con su<br \/>\nresponsabilidad, considerando el contexto epidemiol\u00f3gico nacional a causa de la<br \/>\npandemia por Covid-19, uno de los principales retos a superar el pasado ejercicio.<\/p>\n<p>Posteriormente se utilizaron diversas herramientas de comunicaci\u00f3n, tanto tradicionales<br \/>\ncomo las actuales digitales, incluyendo mensajes y atenci\u00f3n v\u00eda WhatsApp y Facebook,<br \/>\npara despejar cualquier tipo de dudas, y para posicionar el lema \u201cAhora todas y todos<br \/>\ndebemos declarar\u201d.<br \/>\nAsimismo, el lanzamiento del mensaje en distintas formas &#8211;a fin de cumplir con la meta<br \/>\nde la Secretaria Irma Er\u00e9ndira Sandoval&#8211;, para brindar atenci\u00f3n espec\u00edfica a las y los<br \/>\nusuarios con situaci\u00f3n laboral especial.<br \/>\nAnte las restricciones por la pandemia, se utilizaron diversos canales electr\u00f3nicos<br \/>\np\u00fablicos que frecuentan las y los trabajadores, entre ellos tambi\u00e9n el correo electr\u00f3nico<br \/>\ny los peri\u00f3dicos murales, adem\u00e1s de los volantes, carteles, videos explicativos e<br \/>\ninfograf\u00edas.<br \/>\nUna segunda fase se enfoc\u00f3 a la promoci\u00f3n acerca de la forma de presentar la<br \/>\ndeclaraci\u00f3n; se solventaron dudas por diversos conductos y se enfocaron esfuerzos a<br \/>\ngrupos espec\u00edficos de servidores p\u00fablicos.<br \/>\nAlva Huitr\u00f3n precis\u00f3 que la pandemia por Covid-19 present\u00f3 adem\u00e1s un reto, por lo cual<br \/>\nse tuvo que capacitar tambi\u00e9n, mediante videotalleres, acerca de la forma de llenar los<br \/>\nformatos de la declaraci\u00f3n y tambi\u00e9n, principalmente, para sensibilizar a las y los<br \/>\nservidores p\u00fablicos respecto del cumplimiento con dicha obligaci\u00f3n.<br \/>\nExhort\u00f3 a los participantes en la conferencia virtual a utilizar todas las herramientas a su<br \/>\nalcance, sobre todo que no representen costos elevados, como el uso de las redes<br \/>\nsociales, y que no pongan en riesgo la salud de la poblaci\u00f3n, pues la pandemia del<br \/>\ncoronavirus a\u00fan se encuentra latente en M\u00e9xico; asimismo a incentivar la coordinaci\u00f3n<br \/>\ninstitucional para comunicar de manera clara y adecuada durante el proceso.<br \/>\nAutor: Vocer\u00eda de la CPCE-F<br \/>\nFecha de publicaci\u00f3n: 22 de abril de 2020<\/p>\n","protected":false},"excerpt":{"rendered":"<p>Con el prop\u00f3sito de despejar dudas e implementar estrategias locales inmediatas ante la pr\u00f3xima entrada en vigor de los nuevos formatos para la presentaci\u00f3n de la declaraci\u00f3n patrimonial en Estados [&hellip;]<\/p>\n","protected":false},"author":3,"featured_media":0,"comment_status":"open","ping_status":"open","sticky":false,"template":"","format":"standard","meta":{"_acf_changed":false,"footnotes":""},"categories":[1],"tags":[],"class_list":["post-2664","post","type-post","status-publish","format-standard","hentry","category-uncategorized"],"acf":[],"_links":{"self":[{"href":"https:\/\/comisioncontralores.gob.mx\/2023\/wp-json\/wp\/v2\/posts\/2664","targetHints":{"allow":["GET"]}}],"collection":[{"href":"https:\/\/comisioncontralores.gob.mx\/2023\/wp-json\/wp\/v2\/posts"}],"about":[{"href":"https:\/\/comisioncontralores.gob.mx\/2023\/wp-json\/wp\/v2\/types\/post"}],"author":[{"embeddable":true,"href":"https:\/\/comisioncontralores.gob.mx\/2023\/wp-json\/wp\/v2\/users\/3"}],"replies":[{"embeddable":true,"href":"https:\/\/comisioncontralores.gob.mx\/2023\/wp-json\/wp\/v2\/comments?post=2664"}],"version-history":[{"count":1,"href":"https:\/\/comisioncontralores.gob.mx\/2023\/wp-json\/wp\/v2\/posts\/2664\/revisions"}],"predecessor-version":[{"id":2665,"href":"https:\/\/comisioncontralores.gob.mx\/2023\/wp-json\/wp\/v2\/posts\/2664\/revisions\/2665"}],"wp:attachment":[{"href":"https:\/\/comisioncontralores.gob.mx\/2023\/wp-json\/wp\/v2\/media?parent=2664"}],"wp:term":[{"taxonomy":"category","embeddable":true,"href":"https:\/\/comisioncontralores.gob.mx\/2023\/wp-json\/wp\/v2\/categories?post=2664"},{"taxonomy":"post_tag","embeddable":true,"href":"https:\/\/comisioncontralores.gob.mx\/2023\/wp-json\/wp\/v2\/tags?post=2664"}],"curies":[{"name":"wp","href":"https:\/\/api.w.org\/{rel}","templated":true}]}}