{"id":2666,"date":"2021-04-29T09:52:03","date_gmt":"2021-04-29T16:52:03","guid":{"rendered":"http:\/\/comisioncontralores.gob.mx\/2023\/?p=2666"},"modified":"2023-07-03T09:52:35","modified_gmt":"2023-07-03T16:52:35","slug":"en-sesion-presencial-rinden-informes-contralores-del-sureste-del-pais","status":"publish","type":"post","link":"https:\/\/comisioncontralores.gob.mx\/2023\/en-sesion-presencial-rinden-informes-contralores-del-sureste-del-pais\/","title":{"rendered":"En sesi\u00f3n presencial, rinden informes Contralores del  Sureste del pa\u00eds"},"content":{"rendered":"<p>La Regi\u00f3n Sureste de la Comisi\u00f3n Permanente de Contralores Estados-Federaci\u00f3n de<br \/>\nM\u00e9xico se reuni\u00f3n este viernes en la ciudad de M\u00e9rida, Yucat\u00e1n, para celebrar la primera<br \/>\nasamblea ordinaria del a\u00f1o, con motivo de rendir informe de los avances de la l\u00ednea de<br \/>\nacci\u00f3n \u201cPlaneaci\u00f3n de Auditor\u00edas\u201d.<br \/>\nLa sesi\u00f3n la presidi\u00f3 la Coordinadora Nacional del organismo, la Maestra Lizbeth Basto<br \/>\nAvil\u00e9s, con la participaci\u00f3n del representante de la Secretar\u00eda de la Funci\u00f3n P\u00fablica, el<br \/>\nLicenciado Omar Gonz\u00e1lez Vera, Titular de la Unidad de Auditor\u00eda Gubernamental, quien<br \/>\nacompa\u00f1o en el evento de manera virtual.<br \/>\nEn su mensaje de apertura, la tambi\u00e9n titular de la Secretar\u00eda la Contralor\u00eda General del<br \/>\nEstado de Yucat\u00e1n, Basto Avil\u00e9s, agradeci\u00f3 la participaci\u00f3n de las y los Contralores de<br \/>\nesa zona del pa\u00eds.<br \/>\n\u201cLos temas son de vital importancia para fortalecer nuestras \u00e1reas de trabajo; creemos<br \/>\nque estamos sentando los pilares para un adecuado desarrollo del sistema de<br \/>\nfiscalizaci\u00f3n; homologando procesos, protocolos\u201d, dijo.<br \/>\nAnunci\u00f3 que en la ciudad de Oaxaca se celebrar\u00e1 la sexag\u00e9sima sexta reuni\u00f3n nacional<br \/>\ndel organismo en junio pr\u00f3ximo y confi\u00f3 en que se pueda realizar de manera presencial,<br \/>\ncon todas las medidas sanitarias respectivas.<br \/>\nEl Licenciado Gonz\u00e1lez Vera, transmiti\u00f3 el mensaje de la Presidenta y titular de la<br \/>\nSecretar\u00eda de la Funci\u00f3n P\u00fablica del gobierno federal, Irma Er\u00e9ndira Sandoval, y<br \/>\nreconoci\u00f3 la importancia de los temas que se trataron, a fin de homologar y modernizar<br \/>\nel sistema de fiscalizaci\u00f3n a nivel nacional.<br \/>\n\u201cPara nosotros el participar de manera directa en esta labor es muy importante, porque<br \/>\nlas acciones impulsadas permean en todos los \u00f3rganos de control, lo que nos permite<br \/>\npoder trabajar de manera conjunta con todas las instancias de fiscalizaci\u00f3n\u201d, expuso.<br \/>\nLiliana Angell Gonz\u00e1lez, secretaria de la Honestidad y Funci\u00f3n P\u00fablica de Chiapas y<br \/>\nCoordinadora de la Regi\u00f3n Sureste tambi\u00e9n ponder\u00f3 la realizaci\u00f3n del encuentro, en el<\/p>\n<p>caso de la zona efectuado de manera presencial, por primera vez desde el inicio de la<br \/>\npandemia por Covid-19.<br \/>\nEl representante de la Contralor\u00eda de Campeche inform\u00f3 respecto del seguimiento a los<br \/>\nrecursos federales transferidos a las entidades federativas y municipios en el ejercicio<br \/>\npresupuestal 2021, a trav\u00e9s del formato denominado F4.<br \/>\nCorrespondi\u00f3 al titular de Contralor\u00eda de Quintana Roo, Rafael Antonio del Pozo Dergal,<br \/>\nhablar del \u201cProtocolo para homologar criterios a fin de integrar el Proyecto del Programa<br \/>\nAnual de Fiscalizaci\u00f3n\u201d, y los avances en su desarrollo.<br \/>\nMientras que el Secretario de la Funci\u00f3n P\u00fablica de Tabasco, Jaime Antonio Far\u00edas,<br \/>\ndetall\u00f3 los logros acerca del tema \u201cElaborar la propuesta del Protocolo metodol\u00f3gico para<br \/>\nhomologar criterios a fin de integrar la planeaci\u00f3n detallada\u201d.<br \/>\nLa Contralora de Yucat\u00e1n, Lizbeth Basto Avil\u00e9s, como integrante de la regi\u00f3n, expuso<br \/>\nlos avances en tema similar al anterior, pero con la vertiente de objetivo, alcance,<br \/>\nprocedimientos de auditor\u00eda, estructura de resultados-observaciones y dictamen.<br \/>\nLiliana Angell Gonz\u00e1lez, de Chiapas, expuso resultados de la encuesta nacional<br \/>\nrealizada en el marco de la integraci\u00f3n de un esquema de implementaci\u00f3n del Manual<br \/>\nde formaci\u00f3n del personal auditor y de control.<br \/>\nToco el turno al Vocero de la Comisi\u00f3n y Contralor de Oaxaca, Jos\u00e9 \u00c1ngel D\u00edaz Navarro,<br \/>\npara exponer los alcances de la difusi\u00f3n de las acciones de la Comisi\u00f3n a trav\u00e9s de<br \/>\ndiversos mecanismos y plataformas digitales; cerr\u00f3 la participaci\u00f3n la Maestra Lizbeth<br \/>\nBasto con el informe de los recursos financieros.<br \/>\nTodos los participantes coincidieron en la relevancia de los temas, que fueron aprobados,<br \/>\nas\u00ed como la jornada de trabajo provechosa para las entidades del pa\u00eds y la Federaci\u00f3n.<br \/>\nAutor: Vocer\u00eda de la CPCE-<\/p>\n","protected":false},"excerpt":{"rendered":"<p>La Regi\u00f3n Sureste de la Comisi\u00f3n Permanente de Contralores Estados-Federaci\u00f3n de M\u00e9xico se reuni\u00f3n este viernes en la ciudad de M\u00e9rida, Yucat\u00e1n, para celebrar la primera asamblea ordinaria del a\u00f1o, [&hellip;]<\/p>\n","protected":false},"author":3,"featured_media":0,"comment_status":"open","ping_status":"open","sticky":false,"template":"","format":"standard","meta":{"_acf_changed":false,"footnotes":""},"categories":[1],"tags":[],"class_list":["post-2666","post","type-post","status-publish","format-standard","hentry","category-uncategorized"],"acf":[],"_links":{"self":[{"href":"https:\/\/comisioncontralores.gob.mx\/2023\/wp-json\/wp\/v2\/posts\/2666","targetHints":{"allow":["GET"]}}],"collection":[{"href":"https:\/\/comisioncontralores.gob.mx\/2023\/wp-json\/wp\/v2\/posts"}],"about":[{"href":"https:\/\/comisioncontralores.gob.mx\/2023\/wp-json\/wp\/v2\/types\/post"}],"author":[{"embeddable":true,"href":"https:\/\/comisioncontralores.gob.mx\/2023\/wp-json\/wp\/v2\/users\/3"}],"replies":[{"embeddable":true,"href":"https:\/\/comisioncontralores.gob.mx\/2023\/wp-json\/wp\/v2\/comments?post=2666"}],"version-history":[{"count":1,"href":"https:\/\/comisioncontralores.gob.mx\/2023\/wp-json\/wp\/v2\/posts\/2666\/revisions"}],"predecessor-version":[{"id":2667,"href":"https:\/\/comisioncontralores.gob.mx\/2023\/wp-json\/wp\/v2\/posts\/2666\/revisions\/2667"}],"wp:attachment":[{"href":"https:\/\/comisioncontralores.gob.mx\/2023\/wp-json\/wp\/v2\/media?parent=2666"}],"wp:term":[{"taxonomy":"category","embeddable":true,"href":"https:\/\/comisioncontralores.gob.mx\/2023\/wp-json\/wp\/v2\/categories?post=2666"},{"taxonomy":"post_tag","embeddable":true,"href":"https:\/\/comisioncontralores.gob.mx\/2023\/wp-json\/wp\/v2\/tags?post=2666"}],"curies":[{"name":"wp","href":"https:\/\/api.w.org\/{rel}","templated":true}]}}