{"id":2675,"date":"2021-06-25T09:54:03","date_gmt":"2021-06-25T16:54:03","guid":{"rendered":"http:\/\/comisioncontralores.gob.mx\/2023\/?p=2675"},"modified":"2023-07-03T09:54:29","modified_gmt":"2023-07-03T16:54:29","slug":"concluye-con-exito-reunion-nacional-de-contralores-estados-federacion","status":"publish","type":"post","link":"https:\/\/comisioncontralores.gob.mx\/2023\/concluye-con-exito-reunion-nacional-de-contralores-estados-federacion\/","title":{"rendered":"Concluye con \u00e9xito reuni\u00f3n nacional de Contralores  Estados-Federaci\u00f3n"},"content":{"rendered":"<p>Oaxaca de Ju\u00e1rez, Oax., 25 de junio de 2021.- Con el compromiso de fortalecer las<br \/>\nactividades a favor del ciudadano; cerrar cada d\u00eda m\u00e1s el paso a la corrupci\u00f3n; seguir<br \/>\nprivilegiando la capacitaci\u00f3n, as\u00ed como la estrecha relaci\u00f3n entre las autoridades estatales<br \/>\ny federales, este viernes concluy\u00f3 en Oaxaca la LXVI reuni\u00f3n nacional de la Comisi\u00f3n<br \/>\nPermanente de Contralores Estados-Federaci\u00f3n.<br \/>\nEn el marco del compromiso permanente por promover la vinculaci\u00f3n y coordinaci\u00f3n<br \/>\ninstitucional entre actores clave en el combate a la corrupci\u00f3n en el pa\u00eds, se desarrollaron<br \/>\ncon \u00e9xito dos importantes mesas de discusi\u00f3n, contando con la presencia de grandes<br \/>\nespecialistas en materia de responsabilidades administrativas y combate a la corrupci\u00f3n<br \/>\na nivel nacional. La primera bajo el t\u00edtulo \u201cT\u00f3picos selectos en materia de<br \/>\nResponsabilidades Administrativas\u201d, a cargo de la Magistrada Presidenta del Tribunal de<br \/>\nJusticia Administrativa del Estado de M\u00e9xico, Myrna Garc\u00eda Mor\u00f3n, e integrada por<br \/>\nMagistradas y Magistrados integrantes de los Tribunales de Justicia Administrativa de los<br \/>\nEstados de Quintana Roo, M\u00f3nica de los \u00c1ngeles Valencia D\u00edaz; de la Ciudad de M\u00e9xico,<br \/>\nMiriam Lizbeth Mu\u00f1oz Mej\u00eda; y del Estado de M\u00e9xico, Luis Octavio Mart\u00ednez Quijada.<br \/>\nDicha mesa tuvo por objetivo analizar aspectos t\u00e9cnicos y legislativos clave, para la<br \/>\nintegraci\u00f3n de procedimientos para su debida resoluci\u00f3n en el marco de la Coordinaci\u00f3n<br \/>\ninterinstitucional que establece el Sistema Nacional Anticorrupci\u00f3n.<br \/>\nEn ese mismo contexto, se desarroll\u00f3 la mesa panel bajo el t\u00f3pico \u201cEl papel de las Fiscal\u00edas<br \/>\nEspecializadas en Combate a la Corrupci\u00f3n\u201d, liderada por el Presidente de la Convenci\u00f3n<br \/>\nNacional de Fiscales Anticorrupci\u00f3n de M\u00e9xico, y Fiscal Especializado en Combate a la<br \/>\nCorrupci\u00f3n de Coahuila, Jes\u00fas Homero Flores; e integrada por sus hom\u00f3logos de las<br \/>\nentidades federativas de Zacatecas, Salvador Villa; y de Oaxaca, Jorge Emilio Iruegas<br \/>\n\u00c1lvarez; y durante la cual se abordaron criterios relacionados con la investigaci\u00f3n de<br \/>\nhechos de corrupci\u00f3n.<br \/>\nPrevio a ello, se presentaron diversas ponencias a fin de fortalecer los conocimientos<br \/>\nacerca de las \u00e1reas de transparencia, combate a la corrupci\u00f3n y uso eficiente de los<br \/>\nrecursos p\u00fablicos.<\/p>\n<p>P\u00e1gina 2<br \/>\nDe la misma manera, los responsables de cada una de las regiones en que se divide la<br \/>\nComisi\u00f3n Permanente de Contralores Estados-Federaci\u00f3n, detall\u00f3 los avances en sus<br \/>\nrespectivas \u00e1reas de responsabilidad y el compromiso de redoblar esfuerzos por el bien<br \/>\nde M\u00e9xico.<br \/>\nTras una exitosa jornada de trabajo, la clausura estuvo a cargo del Subsecretario de la<br \/>\nSecretar\u00eda de la Funci\u00f3n P\u00fablica, Roberto Salcedo Aquino, quien ponder\u00f3 el esfuerzo de<br \/>\nlas y los participantes de todas las entidades del pa\u00eds.<br \/>\nLa Coordinadora Nacional de la Comisi\u00f3n, Lizbeth Basto Avil\u00e9s, agradeci\u00f3 el esfuerzo de<br \/>\nlos asistentes al primer encuentro presencial, tras la pandemia por COVID-19, que se<br \/>\nefectu\u00f3 en la capital del estado con todas las medidas de salud correspondientes.<br \/>\n\u201cQue la Comisi\u00f3n siga siendo un referente en materia de capacidad t\u00e9cnica, liderazgo,<br \/>\ncapacitaci\u00f3n, labor coordinada y comprometida, para y por el bien de nuestra sociedad y<br \/>\ngeneraciones venideras\u201d, dijo en su mensaje.<br \/>\nDestac\u00f3 los desaf\u00edos de la pandemia, pero tambi\u00e9n los retos que impuso para generar<br \/>\nnuevas y mejores estrategias para no detener la labor de las instancias responsables de<br \/>\nsupervisar el uso correcto de los recursos p\u00fablicos.<br \/>\n\u201cCerramos con un ejercicio de reflexi\u00f3n para todos: hoy sabemos c\u00f3mo vamos, a d\u00f3nde<br \/>\nvamos y qu\u00e9 nos falta por hacer, nos sabemos inacabados y por lo tanto necesitados de<br \/>\ncapacitaci\u00f3n en muchas \u00e1reas.\u201d<br \/>\n\u201cEste avance que tenemos es fruto del trabajo constante que realizamos, lo m\u00e1s<br \/>\ninteresante es saber que a pesar de nuestras diferencias y nuestras distancias, somos un<br \/>\nmismo M\u00e9xico, que cada d\u00eda se levanta para hacer su mejor esfuerzo. Que nuestras<br \/>\nacciones impactan irremediablemente en el otro y que las regiones s\u00f3lo existen para<br \/>\norganizarnos, pero no para hacernos mejores los unos de los otros\u201d, expuso en su mensaje<br \/>\nfinal.<br \/>\nLa Maestra Lizbeth Basto ponder\u00f3 la responsabilidad y disponibilidad de la Secretar\u00eda de<br \/>\nla Funci\u00f3n P\u00fablica y de la Auditor\u00eda Superior de la Federaci\u00f3n, para participar de manera<br \/>\nestrecha con las Contralor\u00edas estatales.<\/p>\n<p>P\u00e1gina 3<br \/>\nAgradeci\u00f3 tambi\u00e9n la anfitrion\u00eda de las autoridades de Oaxaca y del Secretario de la<br \/>\nContralor\u00eda, Jos\u00e9 \u00c1ngel D\u00edaz Navarro.<br \/>\n\u201cNos vamos con muchos proyectos, nuevos desaf\u00edos, seguramente con m\u00e1s trabajo; pero<br \/>\ncon la firme convicci\u00f3n de que, en el servicio p\u00fablico, el ciudadano es y ser\u00e1 siempre el<br \/>\ncentro de nuestras pol\u00edticas p\u00fablicas y a quienes a\u00fan les quedamos mucho a deber.\u201d<br \/>\n\u201cLa sistematizaci\u00f3n de servicios, vigilancia de recursos s\u00f3lo tienen sentido en el desarrollo<br \/>\nde nuestros estados y en la calidad de vida de cada persona que los habita. Cerrarle el<br \/>\npaso a la corrupci\u00f3n, comprometernos cada d\u00eda con nuestra labor es no descuidar ning\u00fan<br \/>\n\u00e1rea de la administraci\u00f3n, es capacitarnos, fortalecer nuestros saberes, reeducarnos en<br \/>\n\u00e9tica p\u00fablica, dispuestos a trabajar en equipo, y ser la fuerza que gu\u00ede el desarrollo del<br \/>\npa\u00eds con legalidad y justicia\u201d, remarc\u00f3.<br \/>\nTRABAJO CONJUNTO<br \/>\nEn su mensaje de clausura, que dio de manera virtual, el subsecretario de la Funci\u00f3n<br \/>\nP\u00fablica y pr\u00f3ximo titular de la dependencia federal, Roberto Salcedo Aquino, reconoci\u00f3<br \/>\nla participaci\u00f3n de todas y todos los Contralores del pa\u00eds.<br \/>\n\u201cLos \u00f3rganos internos de control, las contralor\u00edas, y Secretar\u00eda de la Funci\u00f3n P\u00fablica hemos<br \/>\nde redoblar esfuerzos para hacer que lo p\u00fablico funcione, a efecto de asegurar que el<br \/>\npresupuesto que se ejerza en los fines previstos, impulsar la fiscalizaci\u00f3n y la mejora de la<br \/>\ngesti\u00f3n gubernamental con el objetivo de prevenir riesgos de corrupci\u00f3n\u201d, manifest\u00f3.<br \/>\nDestac\u00f3 que las entidades y el Gobierno de la Rep\u00fablica son un equipo, que dar\u00e1 mejores<br \/>\nresultados a la ciudadan\u00eda, con acciones efectivas que se seguir\u00e1n emprendiendo desde<br \/>\nel \u00e1mbito de su competencia.<br \/>\n\u201cEstoy convencido que continuaremos trabajando con cabalidad, profesionalismo y<br \/>\nentusiasmo en la consolidaci\u00f3n del sistema de control interno, el impulso de la<br \/>\nfiscalizaci\u00f3n, la ciudadanizaci\u00f3n del combate a la corrupci\u00f3n y a la impunidad y la mejora<br \/>\nde la gesti\u00f3n p\u00fablica, a efecto de que se sustente en principios de eficacia y probidad\u201d,<br \/>\nrecalc\u00f3.<br \/>\nAutor: Vocer\u00eda de la CPCE-<\/p>\n","protected":false},"excerpt":{"rendered":"<p>Oaxaca de Ju\u00e1rez, Oax., 25 de junio de 2021.- Con el compromiso de fortalecer las actividades a favor del ciudadano; cerrar cada d\u00eda m\u00e1s el paso a la corrupci\u00f3n; seguir [&hellip;]<\/p>\n","protected":false},"author":3,"featured_media":0,"comment_status":"open","ping_status":"open","sticky":false,"template":"","format":"standard","meta":{"_acf_changed":false,"footnotes":""},"categories":[1],"tags":[],"class_list":["post-2675","post","type-post","status-publish","format-standard","hentry","category-uncategorized"],"acf":[],"_links":{"self":[{"href":"https:\/\/comisioncontralores.gob.mx\/2023\/wp-json\/wp\/v2\/posts\/2675","targetHints":{"allow":["GET"]}}],"collection":[{"href":"https:\/\/comisioncontralores.gob.mx\/2023\/wp-json\/wp\/v2\/posts"}],"about":[{"href":"https:\/\/comisioncontralores.gob.mx\/2023\/wp-json\/wp\/v2\/types\/post"}],"author":[{"embeddable":true,"href":"https:\/\/comisioncontralores.gob.mx\/2023\/wp-json\/wp\/v2\/users\/3"}],"replies":[{"embeddable":true,"href":"https:\/\/comisioncontralores.gob.mx\/2023\/wp-json\/wp\/v2\/comments?post=2675"}],"version-history":[{"count":1,"href":"https:\/\/comisioncontralores.gob.mx\/2023\/wp-json\/wp\/v2\/posts\/2675\/revisions"}],"predecessor-version":[{"id":2676,"href":"https:\/\/comisioncontralores.gob.mx\/2023\/wp-json\/wp\/v2\/posts\/2675\/revisions\/2676"}],"wp:attachment":[{"href":"https:\/\/comisioncontralores.gob.mx\/2023\/wp-json\/wp\/v2\/media?parent=2675"}],"wp:term":[{"taxonomy":"category","embeddable":true,"href":"https:\/\/comisioncontralores.gob.mx\/2023\/wp-json\/wp\/v2\/categories?post=2675"},{"taxonomy":"post_tag","embeddable":true,"href":"https:\/\/comisioncontralores.gob.mx\/2023\/wp-json\/wp\/v2\/tags?post=2675"}],"curies":[{"name":"wp","href":"https:\/\/api.w.org\/{rel}","templated":true}]}}