{"id":2677,"date":"2021-07-29T09:54:37","date_gmt":"2021-07-29T16:54:37","guid":{"rendered":"http:\/\/comisioncontralores.gob.mx\/2023\/?p=2677"},"modified":"2023-07-03T09:54:55","modified_gmt":"2023-07-03T16:54:55","slug":"avanza-comision-permanente-de-contralores-en-fortalecimiento-del-control-interno","status":"publish","type":"post","link":"https:\/\/comisioncontralores.gob.mx\/2023\/avanza-comision-permanente-de-contralores-en-fortalecimiento-del-control-interno\/","title":{"rendered":"Avanza Comisi\u00f3n Permanente de Contralores en  fortalecimiento del control interno"},"content":{"rendered":"<p>Con el prop\u00f3sito de revisar los avances en diversos rubros de la fiscalizaci\u00f3n, control y<br \/>\ntransparencia en el ejercicio de los recursos p\u00fablicos, este jueves se realiz\u00f3 de manera<br \/>\nvirtual la segunda asamblea extraordinaria de la regi\u00f3n Centro-Golfo-Istmo de la<br \/>\nComisi\u00f3n Permanente de Contralores Estados-Federaci\u00f3n.<br \/>\nEl encuentro fue presidido por la Coordinadora Nacional de este \u00f3rgano, la Maestra<br \/>\nLizbeth Basto Avil\u00e9s, tambi\u00e9n Secretaria de la Contralor\u00eda General de Yucat\u00e1n; con la<br \/>\nparticipaci\u00f3n del Titular de la Unidad de Auditor\u00eda Gubernamental de la Secretar\u00eda de la<br \/>\nFunci\u00f3n P\u00fablica, Omar Gonz\u00e1lez Vera, en representaci\u00f3n del Titular de la dependencia<br \/>\nfederal, Maestro Roberto Salcedo Aquino.<br \/>\nLa anfitriona del encuentro, Coordinadora de la regi\u00f3n y Contralora General de Veracruz,<br \/>\nMercedes Santoyo Dom\u00ednguez, hizo una amplia exposici\u00f3n de los resultados de impacto<br \/>\naplicados al Control Interno en las instituciones p\u00fablicas del Poder Ejecutivo de la<br \/>\nentidad.<br \/>\nDestac\u00f3 igualmente la necesidad de fortalecer estos esquemas, con el prop\u00f3sito de<br \/>\ngenerar mayor confianza en la ciudadan\u00eda, que espera de sus autoridades un mayor rigor<br \/>\nen el uso y destino del presupuesto.<br \/>\nLa exposici\u00f3n fue reconocida por la Maestra Basto Avil\u00e9s, quien indic\u00f3 que, de la mano<br \/>\ncon la Federaci\u00f3n, a trav\u00e9s de la Secretar\u00eda de la Funci\u00f3n P\u00fablica, se contin\u00faa<br \/>\nimpulsando los esquemas de control interno con base en las directrices del Sistema<br \/>\nNacional de Fiscalizaci\u00f3n.<br \/>\nReiter\u00f3 el compromiso de la Comisi\u00f3n Permanente de Contralores Estados-Federaci\u00f3n<br \/>\ncon la observancia estricta de leyes y normas de control, fiscalizaci\u00f3n y evaluaci\u00f3n de la<br \/>\ngesti\u00f3n p\u00fablica a nivel nacional.<br \/>\nEl Titular de la Unidad de Auditor\u00eda Gubernamental de la SFP, Omar Gonz\u00e1lez, con base<br \/>\nen los temas analizados plante\u00f3 la posibilidad que las regiones, se integren conforme a<\/p>\n<p>P\u00e1gina 2<br \/>\nlos grupos de trabajo del SNF, a fin de una mejor retroalimentaci\u00f3n, sinergia y<br \/>\nseguimiento de los proyectos prioritarios a nivel nacional.<br \/>\n\u201cEstas sesiones son muy relevantes porque nos permiten ir dando un seguimiento y<br \/>\nretroalimentaci\u00f3n en nuestro trabajo\u201d, manifest\u00f3 a nombre del Secretario Roberto<br \/>\nSalcedo.<br \/>\nEl Maestro C\u00e9sar Rom\u00e1n Mora, secretario de la Contralor\u00eda de Hidalgo, present\u00f3 el tema<br \/>\nSistema Nacional de Fiscalizaci\u00f3n, mientras que el Contralor de Oaxaca, Jos\u00e9 \u00c1ngel<br \/>\nD\u00edaz Navarro, habl\u00f3 de la reactivaci\u00f3n de la Coordinaci\u00f3n Institucional entre los<br \/>\nintegrantes del Sistema Nacional de Fiscalizaci\u00f3n.<br \/>\nLa titular de la Contralor\u00eda de Tlaxcala, Mar\u00eda Maricela Escobar S\u00e1nchez, habl\u00f3 de la<br \/>\nproblem\u00e1tica de observaciones a recursos federales cuando son transferidos a los<br \/>\nEstados, tras lo cual vino un lapso de preguntas y respuestas y la clausura de la sesi\u00f3n.<br \/>\nAutor: Vocer\u00eda de la CPCE-<\/p>\n","protected":false},"excerpt":{"rendered":"<p>Con el prop\u00f3sito de revisar los avances en diversos rubros de la fiscalizaci\u00f3n, control y transparencia en el ejercicio de los recursos p\u00fablicos, este jueves se realiz\u00f3 de manera virtual [&hellip;]<\/p>\n","protected":false},"author":3,"featured_media":0,"comment_status":"open","ping_status":"open","sticky":false,"template":"","format":"standard","meta":{"_acf_changed":false,"footnotes":""},"categories":[1],"tags":[],"class_list":["post-2677","post","type-post","status-publish","format-standard","hentry","category-uncategorized"],"acf":[],"_links":{"self":[{"href":"https:\/\/comisioncontralores.gob.mx\/2023\/wp-json\/wp\/v2\/posts\/2677","targetHints":{"allow":["GET"]}}],"collection":[{"href":"https:\/\/comisioncontralores.gob.mx\/2023\/wp-json\/wp\/v2\/posts"}],"about":[{"href":"https:\/\/comisioncontralores.gob.mx\/2023\/wp-json\/wp\/v2\/types\/post"}],"author":[{"embeddable":true,"href":"https:\/\/comisioncontralores.gob.mx\/2023\/wp-json\/wp\/v2\/users\/3"}],"replies":[{"embeddable":true,"href":"https:\/\/comisioncontralores.gob.mx\/2023\/wp-json\/wp\/v2\/comments?post=2677"}],"version-history":[{"count":1,"href":"https:\/\/comisioncontralores.gob.mx\/2023\/wp-json\/wp\/v2\/posts\/2677\/revisions"}],"predecessor-version":[{"id":2678,"href":"https:\/\/comisioncontralores.gob.mx\/2023\/wp-json\/wp\/v2\/posts\/2677\/revisions\/2678"}],"wp:attachment":[{"href":"https:\/\/comisioncontralores.gob.mx\/2023\/wp-json\/wp\/v2\/media?parent=2677"}],"wp:term":[{"taxonomy":"category","embeddable":true,"href":"https:\/\/comisioncontralores.gob.mx\/2023\/wp-json\/wp\/v2\/categories?post=2677"},{"taxonomy":"post_tag","embeddable":true,"href":"https:\/\/comisioncontralores.gob.mx\/2023\/wp-json\/wp\/v2\/tags?post=2677"}],"curies":[{"name":"wp","href":"https:\/\/api.w.org\/{rel}","templated":true}]}}