{"id":2679,"date":"2021-08-12T09:55:02","date_gmt":"2021-08-12T16:55:02","guid":{"rendered":"http:\/\/comisioncontralores.gob.mx\/2023\/?p=2679"},"modified":"2023-07-03T09:55:19","modified_gmt":"2023-07-03T16:55:19","slug":"reiteran-estrecha-colaboracion-contralores-de-mexico-y-la-federacion","status":"publish","type":"post","link":"https:\/\/comisioncontralores.gob.mx\/2023\/reiteran-estrecha-colaboracion-contralores-de-mexico-y-la-federacion\/","title":{"rendered":"Reiteran estrecha colaboraci\u00f3n Contralores de M\u00e9xico y la  Federaci\u00f3n"},"content":{"rendered":"<p>La Comisi\u00f3n Permanente de Contralores Estados-Federaci\u00f3n y el gobierno federal, a<br \/>\ntrav\u00e9s de la Secretar\u00eda de la Funci\u00f3n P\u00fablica, reiteraron su compromiso de colaboraci\u00f3n,<br \/>\na fin de fortalecer las acciones de transparencia y uso responsable de los recursos<br \/>\np\u00fablicos.<br \/>\nLo anterior qued\u00f3 establecido durante la Segunda Reuni\u00f3n Extraordinaria del organismo,<br \/>\nque preside el Secretario Roberto Salcedo Aquino, quien particip\u00f3 por vez primera tras<br \/>\nel reciente nombramiento que le hiciera el C. Presidente de la Rep\u00fablica, Lic. Andr\u00e9s<br \/>\nManuel L\u00f3pez Obrador, y la ratificaci\u00f3n de este por el Senado de la Rep\u00fablica, en el<br \/>\nencuentro que se desarroll\u00f3 de manera virtual.<br \/>\n\u201cSepa que aqu\u00ed estamos las Contraloras y Contralores del pa\u00eds, con todo el compromiso<br \/>\nde hacer sinergias, de hacer espacios de di\u00e1logo, de formaci\u00f3n continua, de compartir<br \/>\nexperiencias, de intercambio de buenas pr\u00e1cticas\u201d, dijo la maestra Basto Avil\u00e9s,<br \/>\nCoordinadora Nacional de la Comisi\u00f3n y Contralora del estado de Yucat\u00e1n, durante su<br \/>\ndiscurso de bienvenida al Secretario Salcedo Aquino.<br \/>\nLo anterior, con el firme prop\u00f3sito de aportar capacidades y esfuerzos para combatir la<br \/>\ncorrupci\u00f3n y abatir la impunidad, sostuvo en su mensaje.<br \/>\nPonder\u00f3 la visi\u00f3n y experiencia del Secretario de la Funci\u00f3n P\u00fablica en el servicio a los<br \/>\nmexicanos, pues \u201csu siempre renovada mirada, su siempre capacidad t\u00e9cnica, son la v\u00eda<br \/>\nadecuada para llevar a buen puerto el uso adecuado de los recursos p\u00fablicos, promover<br \/>\nla transparencia y la rendici\u00f3n de cuentas\u201d.<br \/>\nDestac\u00f3 la larga trayectoria del maestro Salcedo Aquino y augur\u00f3 que aportar\u00e1 todos<br \/>\nsus conocimientos y capacidades para lograr un M\u00e9xico cada vez m\u00e1s responsable y<br \/>\ncomprometido con el desarrollo, con base en el uso eficiente del erario.<br \/>\n\u201cCompartimos su visi\u00f3n de ciudadanizar las instituciones, de promover el uso racional de<br \/>\nlos recursos p\u00fablicos, como una primera medida para acabar con la corrupci\u00f3n, desde<\/p>\n<p>P\u00e1gina 2<br \/>\nun sistema legal robusto\u201d, manifest\u00f3 la maestra Basto Avil\u00e9s, al recalcar todo el respaldo<br \/>\ny colaboraci\u00f3n de las y los Contralores del pa\u00eds.<br \/>\nPor su parte, el Secretario de la Funci\u00f3n P\u00fablica agradeci\u00f3 la bienvenida y reafirm\u00f3 el<br \/>\ncompromiso de la instituci\u00f3n que representa para el fortalecimiento de la coordinaci\u00f3n<br \/>\ncon miras a concretar las tareas para alcanzar la plena eficacia y la probidad en el<br \/>\ndesempe\u00f1o del servicio p\u00fablico.<br \/>\nEl maestro Salcedo Aquino manifest\u00f3 a las y los Contralores de M\u00e9xico que la prioridad<br \/>\nde todos es cumplir las expectativas de los ciudadanos, que esperan de sus autoridades<br \/>\nun desempe\u00f1o responsable y eficaz.<br \/>\n\u201cEn el impulso de la eficacia gubernamental, la tarea esencia es hacer que lo p\u00fablico<br \/>\nfuncione y que funcione bien; en la consecuci\u00f3n de este prop\u00f3sito, corre a nuestro cargo<br \/>\nredoblar esfuerzos para impulsar gobiernos competentes, que procuren la mejora del<br \/>\nquehacer gubernamental mediante el fortalecimiento del control interno e impulso a la<br \/>\nfiscalizaci\u00f3n, la innovaci\u00f3n, la simplificaci\u00f3n administrativa y las mejores pr\u00e1ctica\u201d, dijo<br \/>\nen su mensaje.<br \/>\nEl objetivo central es impulsar un gobierno austero y transparente, pues un gobierno<br \/>\neficaz aumenta la credibilidad ciudadana en las instituciones, lo que dota de legitimidad<br \/>\nal ejercicio del poder, detall\u00f3 el Secretario de la Funci\u00f3n P\u00fablica.<br \/>\nEntre otros temas, en la reuni\u00f3n extraordinaria se trat\u00f3 la modificaci\u00f3n calendario de<br \/>\nreuniones, misma que fue aprobado; los preparativos de la LXVIII Reuni\u00f3n Nacional y la<br \/>\nrenovaci\u00f3n de contrato con la compa\u00f1\u00eda que brinda los servicios de conexi\u00f3n y<br \/>\ncomunicaci\u00f3n de manera virtual.<br \/>\nEn asuntos generales se toc\u00f3 el tema del Concurso Nacional de Transparencia en Corto<br \/>\ny temas de capacitaci\u00f3n. Se hizo tambi\u00e9n un reconocimiento a quienes dejan su cargo<br \/>\nde Contralores en sus respectivas entidades con motivo de los pr\u00f3ximos cambios de<br \/>\nAdministraci\u00f3n de los ejecutivos locales.<br \/>\nAutor: Vocer\u00eda de la CPCE-<\/p>\n","protected":false},"excerpt":{"rendered":"<p>La Comisi\u00f3n Permanente de Contralores Estados-Federaci\u00f3n y el gobierno federal, a trav\u00e9s de la Secretar\u00eda de la Funci\u00f3n P\u00fablica, reiteraron su compromiso de colaboraci\u00f3n, a fin de fortalecer las acciones [&hellip;]<\/p>\n","protected":false},"author":3,"featured_media":0,"comment_status":"open","ping_status":"open","sticky":false,"template":"","format":"standard","meta":{"_acf_changed":false,"footnotes":""},"categories":[1],"tags":[],"class_list":["post-2679","post","type-post","status-publish","format-standard","hentry","category-uncategorized"],"acf":[],"_links":{"self":[{"href":"https:\/\/comisioncontralores.gob.mx\/2023\/wp-json\/wp\/v2\/posts\/2679","targetHints":{"allow":["GET"]}}],"collection":[{"href":"https:\/\/comisioncontralores.gob.mx\/2023\/wp-json\/wp\/v2\/posts"}],"about":[{"href":"https:\/\/comisioncontralores.gob.mx\/2023\/wp-json\/wp\/v2\/types\/post"}],"author":[{"embeddable":true,"href":"https:\/\/comisioncontralores.gob.mx\/2023\/wp-json\/wp\/v2\/users\/3"}],"replies":[{"embeddable":true,"href":"https:\/\/comisioncontralores.gob.mx\/2023\/wp-json\/wp\/v2\/comments?post=2679"}],"version-history":[{"count":1,"href":"https:\/\/comisioncontralores.gob.mx\/2023\/wp-json\/wp\/v2\/posts\/2679\/revisions"}],"predecessor-version":[{"id":2680,"href":"https:\/\/comisioncontralores.gob.mx\/2023\/wp-json\/wp\/v2\/posts\/2679\/revisions\/2680"}],"wp:attachment":[{"href":"https:\/\/comisioncontralores.gob.mx\/2023\/wp-json\/wp\/v2\/media?parent=2679"}],"wp:term":[{"taxonomy":"category","embeddable":true,"href":"https:\/\/comisioncontralores.gob.mx\/2023\/wp-json\/wp\/v2\/categories?post=2679"},{"taxonomy":"post_tag","embeddable":true,"href":"https:\/\/comisioncontralores.gob.mx\/2023\/wp-json\/wp\/v2\/tags?post=2679"}],"curies":[{"name":"wp","href":"https:\/\/api.w.org\/{rel}","templated":true}]}}