{"id":2683,"date":"2021-08-20T09:55:51","date_gmt":"2021-08-20T16:55:51","guid":{"rendered":"http:\/\/comisioncontralores.gob.mx\/2023\/?p=2683"},"modified":"2023-07-03T09:56:10","modified_gmt":"2023-07-03T16:56:10","slug":"contralores-estados-federacion-promueven-la-etica-e-integridad-en-la-gestion-publica","status":"publish","type":"post","link":"https:\/\/comisioncontralores.gob.mx\/2023\/contralores-estados-federacion-promueven-la-etica-e-integridad-en-la-gestion-publica\/","title":{"rendered":"Contralores Estados-Federaci\u00f3n, promueven la \u00e9tica e  integridad en la gesti\u00f3n p\u00fablica"},"content":{"rendered":"<p>En la segunda reuni\u00f3n ordinaria 2021 de la Regi\u00f3n Noroeste de la Comisi\u00f3n Permanente de<br \/>\nContralores Estados-Federaci\u00f3n, los participantes coincidieron en seguir fortaleciendo los valores<br \/>\nde la \u00e9tica, la probidad y la integridad en la funci\u00f3n p\u00fablica, a fin de generar mayor confianza de<br \/>\nla ciudadan\u00eda en las instituciones p\u00fablicas.<br \/>\nEl encuentro virtual fue presidido por la coordinadora nacional del organismo, Maestra Lizbeth<br \/>\nBasto Avil\u00e9s, quien dio bienvenida a las y los asistentes; y fue organizado por la Secretaria de la<br \/>\nFunci\u00f3n P\u00fablica del Estado de Chihuahua, Maestra M\u00f3nica Vargas Ruiz, en calidad de<br \/>\ncoordinadora de las y los contralores integrantes de la regi\u00f3n.<br \/>\n\u201cEstos ejercicios de reflexi\u00f3n nos permiten compartir ideas, experiencias y avances; mi<br \/>\nagradecimiento a las y los titulares de los estados, porque con base en el esfuerzo de todas y<br \/>\ntodos, la Comisi\u00f3n Permanente de Contralores Estados-Federaci\u00f3n avanza hacia un objetivo<br \/>\ncom\u00fan: combatir la corrupci\u00f3n\u201d, dijo.<br \/>\nResalt\u00f3 tambi\u00e9n la puntual participaci\u00f3n de las y los responsables de las contralor\u00edas de las<br \/>\nentidades del pa\u00eds que dejan pr\u00f3ximamente el cargo y les pidi\u00f3 transmitir sus conocimientos y<br \/>\ndin\u00e1micas de trabajo con sus sucesores o sucesoras.<br \/>\nPor su parte, el asesor t\u00e9cnico nacional de este \u00f3rgano, y Titular de la Unidad de Auditor\u00eda<br \/>\nGubernamental, Omar Gonz\u00e1lez Vera, particip\u00f3 en representaci\u00f3n del Secretario de la Funci\u00f3n<br \/>\nP\u00fablica y Presidente de la Comisi\u00f3n, Roberto Salcedo Aquino.<br \/>\n\u201cDebemos continuar en este camino, impulsando estos proyectos, que nos ayudan a seguir<br \/>\nconformando, de manera conjunta, una visi\u00f3n; proyectos que deben redundar en beneficio del<br \/>\ntrabajo que se hace, en beneficio del combate a la corrupci\u00f3n y la impunidad\u201d, destac\u00f3 en su<br \/>\nmensaje.<br \/>\nQue lo p\u00fablico funcione para lograr la eficacia gubernamental, manifest\u00f3, al agradecer la<br \/>\npresencia, de manera virtual, de los representantes de la Zona Noroeste, conformada por las y<br \/>\nlos contralores de los estados de Baja California, Baja California Sur, Sinaloa, Sonora y Chihuahua.<\/p>\n<p>P\u00e1gina 2<br \/>\nCada uno de ellos hizo una exposici\u00f3n de las l\u00edneas de acci\u00f3n a cargo, relacionadas con el Control<br \/>\nInterno, espec\u00edficamente en la actualizaci\u00f3n de la normatividad local y la aplicaci\u00f3n de la<br \/>\nevaluaci\u00f3n en la materia.<br \/>\nAsimismo, por lo que respecta a la \u00c9tica e Integridad, se analizaron las estrategias para impulsar<br \/>\nla prevenci\u00f3n de conflictos de intereses, la integraci\u00f3n de los comit\u00e9s de integridad y la<br \/>\ncapacitaci\u00f3n en la materia, adem\u00e1s de la emisi\u00f3n del C\u00f3digo de \u00c9tica y C\u00f3digos de Conducta en<br \/>\nlas entidades federativas.<br \/>\nTambi\u00e9n, se expusieron avances en la l\u00ednea de acci\u00f3n relativa a Contrataciones P\u00fablicas<br \/>\nTransparentes, a trav\u00e9s de diversos t\u00f3picos, como el registro actualizado de proveedores y<br \/>\ncontratistas sancionados.<br \/>\nAsimismo, la Maestra Lizbeth Basto present\u00f3 su informe financiero, en que resalt\u00f3 las finanzas<br \/>\nsanas y ahorros respecto del fondo de aportaciones de la Comisi\u00f3n.<br \/>\nAsimismo, el Titular de Contralor\u00eda de Oaxaca, Jos\u00e9 \u00c1ngel D\u00edaz Navarro, present\u00f3 los avances en<br \/>\nmateria de comunicaci\u00f3n y difusi\u00f3n, espec\u00edficamente resalt\u00f3 los logros alcanzados en las redes<br \/>\nsociales del organismo.<br \/>\n\u201cUno de los objetivos de esta Comisi\u00f3n es garantizar que este tipo de organizaciones perduren,<br \/>\nas\u00ed como fortalecer la coordinaci\u00f3n institucional de car\u00e1cter t\u00e9cnico. La utilidad de todas estas<br \/>\nestrategias, planes, l\u00edneas de acci\u00f3n que desarrollamos, nos enriquecen a todas y todos\u201d, finaliz\u00f3<br \/>\nla Maestra Lizbeth Basto Avil\u00e9s.<br \/>\nAutor: Vocer\u00eda de la CPCE-<\/p>\n","protected":false},"excerpt":{"rendered":"<p>En la segunda reuni\u00f3n ordinaria 2021 de la Regi\u00f3n Noroeste de la Comisi\u00f3n Permanente de Contralores Estados-Federaci\u00f3n, los participantes coincidieron en seguir fortaleciendo los valores de la \u00e9tica, la probidad [&hellip;]<\/p>\n","protected":false},"author":3,"featured_media":0,"comment_status":"open","ping_status":"open","sticky":false,"template":"","format":"standard","meta":{"_acf_changed":false,"footnotes":""},"categories":[1],"tags":[],"class_list":["post-2683","post","type-post","status-publish","format-standard","hentry","category-uncategorized"],"acf":[],"_links":{"self":[{"href":"https:\/\/comisioncontralores.gob.mx\/2023\/wp-json\/wp\/v2\/posts\/2683","targetHints":{"allow":["GET"]}}],"collection":[{"href":"https:\/\/comisioncontralores.gob.mx\/2023\/wp-json\/wp\/v2\/posts"}],"about":[{"href":"https:\/\/comisioncontralores.gob.mx\/2023\/wp-json\/wp\/v2\/types\/post"}],"author":[{"embeddable":true,"href":"https:\/\/comisioncontralores.gob.mx\/2023\/wp-json\/wp\/v2\/users\/3"}],"replies":[{"embeddable":true,"href":"https:\/\/comisioncontralores.gob.mx\/2023\/wp-json\/wp\/v2\/comments?post=2683"}],"version-history":[{"count":1,"href":"https:\/\/comisioncontralores.gob.mx\/2023\/wp-json\/wp\/v2\/posts\/2683\/revisions"}],"predecessor-version":[{"id":2684,"href":"https:\/\/comisioncontralores.gob.mx\/2023\/wp-json\/wp\/v2\/posts\/2683\/revisions\/2684"}],"wp:attachment":[{"href":"https:\/\/comisioncontralores.gob.mx\/2023\/wp-json\/wp\/v2\/media?parent=2683"}],"wp:term":[{"taxonomy":"category","embeddable":true,"href":"https:\/\/comisioncontralores.gob.mx\/2023\/wp-json\/wp\/v2\/categories?post=2683"},{"taxonomy":"post_tag","embeddable":true,"href":"https:\/\/comisioncontralores.gob.mx\/2023\/wp-json\/wp\/v2\/tags?post=2683"}],"curies":[{"name":"wp","href":"https:\/\/api.w.org\/{rel}","templated":true}]}}