{"id":2685,"date":"2021-09-09T09:56:15","date_gmt":"2021-09-09T16:56:15","guid":{"rendered":"http:\/\/comisioncontralores.gob.mx\/2023\/?p=2685"},"modified":"2023-07-03T09:56:48","modified_gmt":"2023-07-03T16:56:48","slug":"inicia-en-morelos-reunion-centro-pacifico-de-contralores-estados-federacion","status":"publish","type":"post","link":"https:\/\/comisioncontralores.gob.mx\/2023\/inicia-en-morelos-reunion-centro-pacifico-de-contralores-estados-federacion\/","title":{"rendered":"Inicia en Morelos reuni\u00f3n Centro Pac\u00edfico de contralores  Estados-Federaci\u00f3n"},"content":{"rendered":"<p>Como parte de las actividades de la Comisi\u00f3n Permanente de Contralores Estados-Federaci\u00f3n<br \/>\n(CPCE-F) y bajo estrictos protocolos sanitarios por la pandemia de Covid-19 este 9 de septiembre<br \/>\niniciaron los trabajos, de manera presencial, de la Segunda Reuni\u00f3n Ordinaria de la Regi\u00f3n<br \/>\nCentro-Pac\u00edfico de manera presencial, en el estado de Morelos.<br \/>\nAm\u00e9rica B. Jim\u00e9nez Molina, titular del \u00d3rgano Estatal de Control, es la anfitriona de dicha reuni\u00f3n<br \/>\nque concluye ma\u00f1ana viernes, toda vez que fue electa para el a\u00f1o 2021 como encargada de la<br \/>\ncoordinaci\u00f3n de la regi\u00f3n, integrada por las entidades de Michoac\u00e1n, Quer\u00e9taro, Ciudad de<br \/>\nM\u00e9xico, Estado de M\u00e9xico, Guerrero y Morelos.<br \/>\nEn su mensaje, dio la bienvenida a las y los asistentes al encuentro, expres\u00f3 su benepl\u00e1cito por<br \/>\nla visita a la tierra del General Emiliano Zapata, la ciudad de la eterna primavera y estado anfitri\u00f3n<br \/>\ndel mundo.<br \/>\nEn la mesa de trabajo realizada en el primer d\u00eda de actividades, Juan Jos\u00e9 Serrano Mendoza,<br \/>\nsecretario de la Contralor\u00eda General de la Ciudad de M\u00e9xico y coordinador nacional suplente \u201cB\u201d,<br \/>\ndirigi\u00f3 unas palabras a los presentes a nombre de la coordinaci\u00f3n nacional, y expres\u00f3 su inter\u00e9s<br \/>\nporque sean fruct\u00edferos y se presenten los avances conforme al plan anual de trabajo.<br \/>\nAs\u00ed mismo, Eduardo Gurza Curiel, titular de la Unidad de Auditor\u00eda a Contrataciones P\u00fablicas,<br \/>\nencargado de Despacho de la Subsecretar\u00eda de Fiscalizaci\u00f3n y Combate a la Corrupci\u00f3n y<br \/>\npresidente suplente de la CPCE-F, resalt\u00f3 los retos a los que se han enfrentado las autoridades<br \/>\nfiscalizadoras del pa\u00eds.<br \/>\nDijo que a\u00fan ante las adversidades, se ha aumento la productividad de los \u00f3rganos estatales de<br \/>\ncontrol en condiciones nunca antes vistas; de igual forma hizo extenso el saludo y las felicitaciones<br \/>\ndel secretario de la Funci\u00f3n P\u00fablica del Gobierno de M\u00e9xico, Roberto Salcedo Aquino.<br \/>\nSe cont\u00f3 tambi\u00e9n con la participaci\u00f3n de Rub\u00e9n Jasso D\u00edaz, magistrado presidente del Tribunal<br \/>\nSuperior de Justicia del Estado de Morelos, quien brindo una conferencia magistral con el t\u00edtulo<br \/>\n\u201cDelitos Administrativos en Materia Anticorrupci\u00f3n\u201d, para posteriormente realizar un intercambio<br \/>\nde ideas y opiniones con respecto a la materia que compete tanto al \u00e1mbito administrativo como<br \/>\nal judicial.<\/p>\n<p>P\u00e1gina 2<br \/>\nLa regi\u00f3n Centro-Pac\u00edfico se ha encargado de enfocar todos los esfuerzos en la promoci\u00f3n de una<br \/>\ncultura de legalidad, transparencia y rendici\u00f3n de cuentas, por medio de su l\u00ednea de acci\u00f3n<br \/>\n\u201cContabilidad Gubernamental, Innovaci\u00f3n y Simplificaci\u00f3n Administrativa\u201d y sus diferentes<br \/>\nproyectos que subyacen en ella.<br \/>\nUno de los objetivos principales de la CPCE-F, que coordina a nivel nacional la maestra Lizbeth<br \/>\nBasto Avil\u00e9s, es el combate a la corrupci\u00f3n de manera integral, as\u00ed como coadyuvar a la<br \/>\nadministraci\u00f3n p\u00fablica para que sea eficaz y competitiva, fomentar la participaci\u00f3n ciudadana y<br \/>\naumentar la calidad en cada uno de los procesos de gobierno, para garantizar que los recursos<br \/>\np\u00fablicos disponibles se ejerzan de manera adecuada y transparente.<br \/>\n\u201cComo coordinadora de esta regi\u00f3n, reitero mi compromiso para continuar trabajando porque<br \/>\nesta zona geogr\u00e1fica sobresalga por su esfuerzo y compromiso, buscando siempre el m\u00e1ximo<br \/>\nbeneficio para los ciudadanos de nuestras entidades, recordando que los \u00f3rganos estatales de<br \/>\ncontrol, somos pieza fundamental para hacer cumplir el Estado de derecho.\u201d, coment\u00f3 Jim\u00e9nez<br \/>\nMolina.<br \/>\nAutor: Vocer\u00eda de la CPCE-<\/p>\n","protected":false},"excerpt":{"rendered":"<p>Como parte de las actividades de la Comisi\u00f3n Permanente de Contralores Estados-Federaci\u00f3n (CPCE-F) y bajo estrictos protocolos sanitarios por la pandemia de Covid-19 este 9 de septiembre iniciaron los trabajos, [&hellip;]<\/p>\n","protected":false},"author":3,"featured_media":0,"comment_status":"open","ping_status":"open","sticky":false,"template":"","format":"standard","meta":{"_acf_changed":false,"footnotes":""},"categories":[1],"tags":[],"class_list":["post-2685","post","type-post","status-publish","format-standard","hentry","category-uncategorized"],"acf":[],"_links":{"self":[{"href":"https:\/\/comisioncontralores.gob.mx\/2023\/wp-json\/wp\/v2\/posts\/2685","targetHints":{"allow":["GET"]}}],"collection":[{"href":"https:\/\/comisioncontralores.gob.mx\/2023\/wp-json\/wp\/v2\/posts"}],"about":[{"href":"https:\/\/comisioncontralores.gob.mx\/2023\/wp-json\/wp\/v2\/types\/post"}],"author":[{"embeddable":true,"href":"https:\/\/comisioncontralores.gob.mx\/2023\/wp-json\/wp\/v2\/users\/3"}],"replies":[{"embeddable":true,"href":"https:\/\/comisioncontralores.gob.mx\/2023\/wp-json\/wp\/v2\/comments?post=2685"}],"version-history":[{"count":1,"href":"https:\/\/comisioncontralores.gob.mx\/2023\/wp-json\/wp\/v2\/posts\/2685\/revisions"}],"predecessor-version":[{"id":2686,"href":"https:\/\/comisioncontralores.gob.mx\/2023\/wp-json\/wp\/v2\/posts\/2685\/revisions\/2686"}],"wp:attachment":[{"href":"https:\/\/comisioncontralores.gob.mx\/2023\/wp-json\/wp\/v2\/media?parent=2685"}],"wp:term":[{"taxonomy":"category","embeddable":true,"href":"https:\/\/comisioncontralores.gob.mx\/2023\/wp-json\/wp\/v2\/categories?post=2685"},{"taxonomy":"post_tag","embeddable":true,"href":"https:\/\/comisioncontralores.gob.mx\/2023\/wp-json\/wp\/v2\/tags?post=2685"}],"curies":[{"name":"wp","href":"https:\/\/api.w.org\/{rel}","templated":true}]}}