{"id":2687,"date":"2021-09-23T09:57:00","date_gmt":"2021-09-23T16:57:00","guid":{"rendered":"http:\/\/comisioncontralores.gob.mx\/2023\/?p=2687"},"modified":"2023-07-03T09:57:30","modified_gmt":"2023-07-03T16:57:30","slug":"la-comision-permanente-de-contralores-coadyuva-en-la-supervision-de-la-obra-publica-nacional","status":"publish","type":"post","link":"https:\/\/comisioncontralores.gob.mx\/2023\/la-comision-permanente-de-contralores-coadyuva-en-la-supervision-de-la-obra-publica-nacional\/","title":{"rendered":"La Comisi\u00f3n Permanente de Contralores coadyuva en la  supervisi\u00f3n de la obra p\u00fablica nacional"},"content":{"rendered":"<p>En sesi\u00f3n efectuada de manera virtual, este jueves se llev\u00f3 a cabo la segunda reuni\u00f3n ordinaria<br \/>\nde la Regi\u00f3n Centro-Golfo-Istmo de la Comisi\u00f3n Permanente de Contralores Estados-Federaci\u00f3n,<br \/>\nmisma que present\u00f3 avances en los proyectos y acciones encomendadas para este 2021, entre<br \/>\nellas, la organizaci\u00f3n del Premio Nacional de Contralor\u00eda Social, as\u00ed como del Concurso Nacional<br \/>\nTransparencia en Corto y la elaboraci\u00f3n de la \u201cGu\u00eda para la Vigilancia de la Obra P\u00fablica del<br \/>\nPrograma Pavimentaci\u00f3n de Caminos a Cabeceras Municipales en el estado de Oaxaca\u201d.<br \/>\nEn su mensaje inaugural, la Coordinadora Nacional del organismo, Maestra Lizbeth Basto Avil\u00e9s,<br \/>\nponder\u00f3 el esfuerzo de todas y todos los integrantes para seguir impulsando la transparencia, la<br \/>\nrendici\u00f3n de cuentas y la vigilancia del correcto uso de los recursos p\u00fablicos.<br \/>\nReiter\u00f3 la disposici\u00f3n de las y los Contralores del pa\u00eds para continuar sumando esfuerzos en todos<br \/>\nlos \u00f3rdenes, con la Federaci\u00f3n y los municipios, a fin de seguir colaborando en el combate a la<br \/>\ncorrupci\u00f3n y promoviendo el uso eficiente de los presupuestos, a trav\u00e9s de m\u00faltiples acciones<br \/>\npreventivas.<br \/>\nAsimismo, adelant\u00f3 que en noviembre pr\u00f3ximo se llevar\u00e1 a cabo en Yucat\u00e1n la sexag\u00e9sima<br \/>\ns\u00e9ptima reuni\u00f3n nacional de la Comisi\u00f3n Permanente.<br \/>\nPor su parte, Eduardo Gurza Curiel, Encargado del despacho de la Subsecretar\u00eda de Auditor\u00eda y<br \/>\nCombate a la Corrupci\u00f3n de la Secretar\u00eda de la Funci\u00f3n P\u00fablica (SFP) y Presidente suplente de la<br \/>\nComisi\u00f3n, agradeci\u00f3 a nombre del Secretario de la dependencia, Roberto Salcedo Aquino, el<br \/>\nesfuerzo conjunto.<br \/>\n\u201cCelebro el hecho de que estos trabajos implican un alto sentido de coordinaci\u00f3n en la que todos<br \/>\nhan participado de manera decidida, ya que sin duda los resultados que obtengan al final del a\u00f1o<br \/>\npodr\u00e1n constituirse en un aporte \u00fatil de nuestra gesti\u00f3n\u201d, dijo.<br \/>\nA\u00f1adi\u00f3 que con esta actividad se refrenda el compromiso com\u00fan de los distintos \u00f3rdenes de<br \/>\ngobierno para fomentar la participaci\u00f3n ciudadana, mejorar la rendici\u00f3n de cuentas y fortalecer<br \/>\nla transparencia.<\/p>\n<p>P\u00e1gina 2<br \/>\nAPRUEBAN AVANCES<br \/>\nLa reuni\u00f3n fue presidida por la Coordinadora de la Regi\u00f3n y Contralora del Estado de Veracruz,<br \/>\nMercedes Santoyo Dom\u00ednguez, quien adem\u00e1s expuso las acciones en torno a la l\u00ednea de acci\u00f3n<br \/>\n\u201cTransparencia\u201d, que comprende el mural de expresiones publicado en la p\u00e1gina web del \u00f3rgano.<br \/>\nLa titular de la Contralor\u00eda de Puebla, Amanda G\u00f3mez Nava, detall\u00f3 las diversas actividades que<br \/>\ncoordinan, como el XVI Concurso Nacional \u201cTransparencia en Corto\u201d, el cual registr\u00f3 r\u00e9cord de<br \/>\nparticipaci\u00f3n en este 2021.<br \/>\nPor parte de Tlaxcala, la Secretaria de la Funci\u00f3n P\u00fablica, Er\u00e9ndira Cova Brindis &#8211;quien se integr\u00f3<br \/>\nrecientemente a la Comisi\u00f3n Permanente&#8211;, expuso en el marco de la l\u00ednea de acci\u00f3n \u201cContralor\u00eda<br \/>\nSocial\u201d, la organizaci\u00f3n de la treceava edici\u00f3n del Premio Nacional de Contralor\u00eda Social y sus<br \/>\navances a la fecha.<br \/>\nEl Contralor del Estado de Oaxaca, Jos\u00e9 \u00c1ngel D\u00edaz Navarro, habl\u00f3 respecto de la conformaci\u00f3n<br \/>\nde comit\u00e9s de contralor\u00eda social en el pa\u00eds, con el prop\u00f3sito de coadyuvar en la supervisi\u00f3n de<br \/>\nobras desde las comunidades.<br \/>\nEn ese contexto, resalt\u00f3 el Programa de Pavimentaci\u00f3n de Caminos a Cabeceras municipales, que<br \/>\nimpulsa el Gobierno de la Rep\u00fablica a trav\u00e9s de su titular, Andr\u00e9s Manuel L\u00f3pez Obrador,<br \/>\nenfocado principalmente al estado de Oaxaca. Motivo por el cual present\u00f3 la Gu\u00eda para la<br \/>\nvigilancia de la obra p\u00fablica de dicho programa, como instrumento metodol\u00f3gico para orientar<br \/>\nlas acciones de vigilancia ciudadana con base en la experiencia en Oaxaca, esto, en el marco de<br \/>\nlos compromisos establecidos en el Plan Anual de Trabajo de la Regi\u00f3n.<br \/>\nEn ese sentido, detall\u00f3 de la forma en que desde las comunidades se puede supervisar el uso<br \/>\ncorrecto de los recursos p\u00fablicos administrados por la Federaci\u00f3n y las ventajas que conlleva un<br \/>\ncomit\u00e9 de contralor\u00eda social, as\u00ed como la forma de integrarlo.<br \/>\nPor su parte, C\u00e9sar Rom\u00e1n Mora, Contralor del Estado de Hidalgo, habl\u00f3 de las acciones para<br \/>\nintegrar y difundir la tercera y cuarta edici\u00f3n de la revista electr\u00f3nica \u201cContralores M\u00e9xico\u201d.<br \/>\nComo en cada sesi\u00f3n, el vocero del organismo nacional, Jos\u00e9 \u00c1ngel D\u00edaz Navarro, habl\u00f3 de los<br \/>\nlogros en el manejo de las redes sociales y el sitio de internet de la Comisi\u00f3n Permanente de<br \/>\nContralores, as\u00ed como la Maestra Lizbeth Basto Avil\u00e9s rindi\u00f3 el informe financiero respecto del<br \/>\nfondo de aportaciones del organismo.<br \/>\nLa sesi\u00f3n finaliz\u00f3 con un mensaje de cierre a cargo del Presidente suplente, Eduardo Gurza Curiel,<br \/>\nquien reconoci\u00f3 el esfuerzo de las y los Contralores de la regi\u00f3n, as\u00ed como la importancia de los<\/p>\n<p>P\u00e1gina 3<br \/>\navances presentados en los proyectos, pues impulsan de manera directa la transparencia, la<br \/>\nrendici\u00f3n de cuentas y la participaci\u00f3n ciudadana en el pa\u00eds.<br \/>\nAutor: Vocer\u00eda de la CPCE-<\/p>\n","protected":false},"excerpt":{"rendered":"<p>En sesi\u00f3n efectuada de manera virtual, este jueves se llev\u00f3 a cabo la segunda reuni\u00f3n ordinaria de la Regi\u00f3n Centro-Golfo-Istmo de la Comisi\u00f3n Permanente de Contralores Estados-Federaci\u00f3n, misma que present\u00f3 [&hellip;]<\/p>\n","protected":false},"author":3,"featured_media":0,"comment_status":"open","ping_status":"open","sticky":false,"template":"","format":"standard","meta":{"_acf_changed":false,"footnotes":""},"categories":[1],"tags":[],"class_list":["post-2687","post","type-post","status-publish","format-standard","hentry","category-uncategorized"],"acf":[],"_links":{"self":[{"href":"https:\/\/comisioncontralores.gob.mx\/2023\/wp-json\/wp\/v2\/posts\/2687","targetHints":{"allow":["GET"]}}],"collection":[{"href":"https:\/\/comisioncontralores.gob.mx\/2023\/wp-json\/wp\/v2\/posts"}],"about":[{"href":"https:\/\/comisioncontralores.gob.mx\/2023\/wp-json\/wp\/v2\/types\/post"}],"author":[{"embeddable":true,"href":"https:\/\/comisioncontralores.gob.mx\/2023\/wp-json\/wp\/v2\/users\/3"}],"replies":[{"embeddable":true,"href":"https:\/\/comisioncontralores.gob.mx\/2023\/wp-json\/wp\/v2\/comments?post=2687"}],"version-history":[{"count":1,"href":"https:\/\/comisioncontralores.gob.mx\/2023\/wp-json\/wp\/v2\/posts\/2687\/revisions"}],"predecessor-version":[{"id":2688,"href":"https:\/\/comisioncontralores.gob.mx\/2023\/wp-json\/wp\/v2\/posts\/2687\/revisions\/2688"}],"wp:attachment":[{"href":"https:\/\/comisioncontralores.gob.mx\/2023\/wp-json\/wp\/v2\/media?parent=2687"}],"wp:term":[{"taxonomy":"category","embeddable":true,"href":"https:\/\/comisioncontralores.gob.mx\/2023\/wp-json\/wp\/v2\/categories?post=2687"},{"taxonomy":"post_tag","embeddable":true,"href":"https:\/\/comisioncontralores.gob.mx\/2023\/wp-json\/wp\/v2\/tags?post=2687"}],"curies":[{"name":"wp","href":"https:\/\/api.w.org\/{rel}","templated":true}]}}