{"id":2705,"date":"2022-05-20T10:01:52","date_gmt":"2022-05-20T17:01:52","guid":{"rendered":"http:\/\/comisioncontralores.gob.mx\/2023\/?p=2705"},"modified":"2023-07-03T10:02:12","modified_gmt":"2023-07-03T17:02:12","slug":"se-reunen-contralores-de-la-region-centro-occidente-y-presentan-avances-en-sus-proyectos","status":"publish","type":"post","link":"https:\/\/comisioncontralores.gob.mx\/2023\/se-reunen-contralores-de-la-region-centro-occidente-y-presentan-avances-en-sus-proyectos\/","title":{"rendered":"Se re\u00fanen Contralores de la Regi\u00f3n Centro-Occidente y presentan  avances en sus proyectos"},"content":{"rendered":"<p>Con el fin de dar cumplimiento al Plan Anual de Trabajo, se realiz\u00f3 la Primera Reuni\u00f3n Ordinaria<br \/>\nde la Regi\u00f3n Centro-Occidente de la Comisi\u00f3n Permanente de Contralores Estados-Federaci\u00f3n<br \/>\n(CPCE-F), donde estuvieron presentes las y los encargados de los \u00d3rganos Estatales de Control<br \/>\nde la Regi\u00f3n: Aguascalientes, Colima, Guanajuato, Jalisco, Nayarit y Zacatecas; as\u00ed como las<br \/>\ntitulares de la Coordinaci\u00f3n Nacional, Vocer\u00eda y Comisar\u00eda.<br \/>\nLa Contralora del Estado de Jalisco y Coordinadora de la Regi\u00f3n Centro-Occidente, Mar\u00eda Teresa<br \/>\nBrito Serrano, destac\u00f3 el impulso de los prop\u00f3sitos del Sistema Nacional Anticorrupci\u00f3n (SNA)<br \/>\ndesde un escenario fuerte como la Comisi\u00f3n de Contralores Estados Federaci\u00f3n, a trav\u00e9s del<br \/>\nfortalecimiento y la innovaci\u00f3n.<\/p>\n<p>P\u00e1gina 2<br \/>\nAdem\u00e1s puntualiz\u00f3 que para alcanzar los prop\u00f3sitos de la Comisi\u00f3n habr\u00e1 que apuntalar la<br \/>\nrelaci\u00f3n con los gobiernos municipales a trav\u00e9s de sus contralor\u00edas.<br \/>\nEn la reuni\u00f3n estuvo presente el Coordinador General Estrat\u00e9gico de Crecimiento y Desarrollo<br \/>\nEcon\u00f3mico del Gobierno de Jalisco, Francisco Xavier Orendain de Obeso quien se congratul\u00f3 por<br \/>\nla presencia de los Contralores y enfatiz\u00f3 la importancia del trabajo que realizan en sus estados.<br \/>\nEn su intervenci\u00f3n, la Secretaria de Fiscalizaci\u00f3n y Rendici\u00f3n de Cuentas del Estado de Coahuila<br \/>\ny Coordinadora Nacional de la CPCE-F, Teresa Guajardo Berlanga, habl\u00f3 del objetivo de la<br \/>\nComisi\u00f3n como pieza fundamental para promover la vinculaci\u00f3n de los \u00f3rganos de control a trav\u00e9s<br \/>\nde acciones que dan certeza a la ciudadan\u00eda, \u201cComo lo son el quinto encuentro entre<br \/>\nresponsables de \u00e1reas investigadoras y substanciadoras, los diplomados de responsabilidades,<br \/>\n\u00e9tica y el del SNA, as\u00ed como la metodolog\u00eda para el an\u00e1lisis de la evoluci\u00f3n patrimonial\u201d, declar\u00f3.<br \/>\nLa Secretaria destac\u00f3 que se han implementado esquemas y mecanismos de control, verificaci\u00f3n<br \/>\ny evaluaci\u00f3n de la gesti\u00f3n p\u00fablica, adem\u00e1s de una eficaz vigilancia en el manejo de los recursos<br \/>\np\u00fablicos con criterios de probidad, transparencia y rendici\u00f3n de cuentas, el trabajo coordinado<br \/>\nmultiplica y fortalece el intercambio de buenas pr\u00e1cticas.<br \/>\nPor su parte el titular de la Auditor\u00eda Gubernamental y Asesor T\u00e9cnico Nacional, y representante<br \/>\ndel titular de la SFP, Omar Gonz\u00e1lez Vera, resalt\u00f3 la importancia de la Comisi\u00f3n como una<br \/>\ninstancia que debe ayudar para advertir riesgos al interior del Poder Ejecutivo, \u201cTrabajar con una<br \/>\nplaneaci\u00f3n, con una estrategia, derivado de una pol\u00edtica p\u00fablica como lo es el combate a la<br \/>\ncorrupci\u00f3n y la impunidad, partiendo de los tres elemento que nos marca la ley la prevenci\u00f3n, la<br \/>\ndetecci\u00f3n y la sanci\u00f3n, fortalecer\u00e1 la coordinaci\u00f3n entre los estados\u201d.<br \/>\nDurante la reuni\u00f3n, las y los contralores presentaron y aprobaron los avances del Plan Anual de<br \/>\nTrabajo de la Regi\u00f3n Centro Occidente, en la primera l\u00ednea de acci\u00f3n referente a<br \/>\nResponsabilidades Administrativas, se dio cuenta sobre los proyectos de evoluci\u00f3n patrimonial,<br \/>\ncapacitaci\u00f3n en materia de investigaciones y calificaci\u00f3n de faltas administrativas, la creaci\u00f3n de<br \/>\ncapacidades en materia de \u00e9tica y SNA, y sobre el quinto encuentro entre responsables de \u00e1reas<br \/>\ninvestigadoras y substanciadoras.<br \/>\nEn la segunda l\u00ednea de acci\u00f3n se inform\u00f3 sobre el progreso del proyecto de concientizaci\u00f3n de<br \/>\nlos delitos que se integran en el cat\u00e1logo del c\u00f3digo penal federal.<br \/>\nEn esta reuni\u00f3n regional tambi\u00e9n participaron, Francisco Jaime Gonz\u00e1lez Mej\u00eda, Director General<br \/>\nde Auditor\u00eda a la Operaci\u00f3n Regional de la SFP, Lizbeth Beatriz Basto Avil\u00e9s titular de la Vocer\u00eda<br \/>\nde la CPCE-F y Secretar\u00eda de la Contralor\u00eda General del Estado de Yucat\u00e1n, y de manera virtual,<br \/>\nAm\u00e9rica Berenice Jim\u00e9nez Molina Secretaria de la Contralor\u00eda del Estado de Morelos y Comisaria<br \/>\nde la CPCE-F<\/p>\n","protected":false},"excerpt":{"rendered":"<p>Con el fin de dar cumplimiento al Plan Anual de Trabajo, se realiz\u00f3 la Primera Reuni\u00f3n Ordinaria de la Regi\u00f3n Centro-Occidente de la Comisi\u00f3n Permanente de Contralores Estados-Federaci\u00f3n (CPCE-F), donde [&hellip;]<\/p>\n","protected":false},"author":3,"featured_media":0,"comment_status":"open","ping_status":"open","sticky":false,"template":"","format":"standard","meta":{"_acf_changed":false,"footnotes":""},"categories":[1],"tags":[],"class_list":["post-2705","post","type-post","status-publish","format-standard","hentry","category-uncategorized"],"acf":[],"_links":{"self":[{"href":"https:\/\/comisioncontralores.gob.mx\/2023\/wp-json\/wp\/v2\/posts\/2705","targetHints":{"allow":["GET"]}}],"collection":[{"href":"https:\/\/comisioncontralores.gob.mx\/2023\/wp-json\/wp\/v2\/posts"}],"about":[{"href":"https:\/\/comisioncontralores.gob.mx\/2023\/wp-json\/wp\/v2\/types\/post"}],"author":[{"embeddable":true,"href":"https:\/\/comisioncontralores.gob.mx\/2023\/wp-json\/wp\/v2\/users\/3"}],"replies":[{"embeddable":true,"href":"https:\/\/comisioncontralores.gob.mx\/2023\/wp-json\/wp\/v2\/comments?post=2705"}],"version-history":[{"count":1,"href":"https:\/\/comisioncontralores.gob.mx\/2023\/wp-json\/wp\/v2\/posts\/2705\/revisions"}],"predecessor-version":[{"id":2706,"href":"https:\/\/comisioncontralores.gob.mx\/2023\/wp-json\/wp\/v2\/posts\/2705\/revisions\/2706"}],"wp:attachment":[{"href":"https:\/\/comisioncontralores.gob.mx\/2023\/wp-json\/wp\/v2\/media?parent=2705"}],"wp:term":[{"taxonomy":"category","embeddable":true,"href":"https:\/\/comisioncontralores.gob.mx\/2023\/wp-json\/wp\/v2\/categories?post=2705"},{"taxonomy":"post_tag","embeddable":true,"href":"https:\/\/comisioncontralores.gob.mx\/2023\/wp-json\/wp\/v2\/tags?post=2705"}],"curies":[{"name":"wp","href":"https:\/\/api.w.org\/{rel}","templated":true}]}}