{"id":2709,"date":"2022-07-06T10:02:56","date_gmt":"2022-07-06T17:02:56","guid":{"rendered":"http:\/\/comisioncontralores.gob.mx\/2023\/?p=2709"},"modified":"2023-07-03T10:03:26","modified_gmt":"2023-07-03T17:03:26","slug":"inauguran-en-acapulco-la-lxviii-reunion-nacional-de-contralores-de-mexico","status":"publish","type":"post","link":"https:\/\/comisioncontralores.gob.mx\/2023\/inauguran-en-acapulco-la-lxviii-reunion-nacional-de-contralores-de-mexico\/","title":{"rendered":"Inauguran en Acapulco la LXVIII Reuni\u00f3n Nacional de contralores de  M\u00e9xico"},"content":{"rendered":"<p>El prop\u00f3sito es consolidar que el ejercicio de los recursos p\u00fablicos se realice con<br \/>\nprobidad y eficacia.<br \/>\n\u25cf Participan los titulares de los \u00f3rganos de control de las 32 entidades del pa\u00eds y de la SFP.<br \/>\n\u25cf En el encuentro se dar\u00e1n a conocer los avances del Programa Anual de Trabajo 2022 de<br \/>\nla Comisi\u00f3n Permanente de Contralores Estados-Federaci\u00f3n.<br \/>\nCon el prop\u00f3sito de consolidar que el ejercicio de los recursos p\u00fablicos se realice con<br \/>\nprobidad y eficacia, la honestidad sea h\u00e1bito en las instituciones y en las y los servidores<br \/>\np\u00fablicos y la acci\u00f3n del gobierno se ajuste a una \u00e9tica que privilegie en todo momento el<br \/>\ninter\u00e9s social, la Comisi\u00f3n Permanente de Contralores Estados-Federaci\u00f3n (CPCE-F) inici\u00f3<br \/>\nesta tarde, en Acapulco, Guerrero su LXVIII Reuni\u00f3n Nacional.<br \/>\nEn el encuentro, que concluir\u00e1 el 8 de julio, se dar\u00e1n a conocer los avances del Programa<br \/>\nAnual de Trabajo 2022 de cada una de las seis coordinaciones regionales de la CPCE-F, las<br \/>\ncuales se encargan de las materias de control interno; fortalecimiento de la labor<br \/>\nfiscalizadora y creaci\u00f3n de capacidades; responsabilidades administrativas y asuntos<br \/>\njur\u00eddicos; normas profesionales y \u00e9tica p\u00fablica; transparencia, rendici\u00f3n de cuentas y<br \/>\nparticipaci\u00f3n ciudadana, y coordinaci\u00f3n para la fiscalizaci\u00f3n.<br \/>\nDurante la inauguraci\u00f3n, las y los contralores coincidieron en sumar esfuerzos para<br \/>\nfortalecer el control interno y combatir la corrupci\u00f3n y la impunidad y subrayaron que las<br \/>\nlabores de control interno son fundamentales en el cumplimiento de los objetivos<br \/>\ninstitucionales y la rendici\u00f3n de cuentas de las administraciones p\u00fablicas municipales,<br \/>\nestatales y federal.<br \/>\nExpusieron que la CPCE-F promueve la implementaci\u00f3n de nuevos esquemas y<br \/>\nmecanismos para la evaluaci\u00f3n de la gesti\u00f3n p\u00fablica, por lo que su Plan Anual de Trabajo<br \/>\n2022 integra temas relacionados que coadyuvan a promover la confianza de la ciudadan\u00eda<br \/>\nen los gobiernos.<br \/>\nEn la reuni\u00f3n participan los titulares de los \u00f3rganos de control de las 32 entidades del pa\u00eds y<br \/>\nde la SFP, adem\u00e1s de especialistas en materia de corrupci\u00f3n, como Daniel Ebersole,<br \/>\npresidente Em\u00e9rito de la National Association of State Auditors, Comptrollers and<br \/>\nTreasurers (NASACT); David Rogelio Colmenares P\u00e1ramo, auditor Superior de la Federaci\u00f3n.<\/p>\n","protected":false},"excerpt":{"rendered":"<p>El prop\u00f3sito es consolidar que el ejercicio de los recursos p\u00fablicos se realice con probidad y eficacia. \u25cf Participan los titulares de los \u00f3rganos de control de las 32 entidades [&hellip;]<\/p>\n","protected":false},"author":3,"featured_media":0,"comment_status":"open","ping_status":"open","sticky":false,"template":"","format":"standard","meta":{"_acf_changed":false,"footnotes":""},"categories":[1],"tags":[],"class_list":["post-2709","post","type-post","status-publish","format-standard","hentry","category-uncategorized"],"acf":[],"_links":{"self":[{"href":"https:\/\/comisioncontralores.gob.mx\/2023\/wp-json\/wp\/v2\/posts\/2709","targetHints":{"allow":["GET"]}}],"collection":[{"href":"https:\/\/comisioncontralores.gob.mx\/2023\/wp-json\/wp\/v2\/posts"}],"about":[{"href":"https:\/\/comisioncontralores.gob.mx\/2023\/wp-json\/wp\/v2\/types\/post"}],"author":[{"embeddable":true,"href":"https:\/\/comisioncontralores.gob.mx\/2023\/wp-json\/wp\/v2\/users\/3"}],"replies":[{"embeddable":true,"href":"https:\/\/comisioncontralores.gob.mx\/2023\/wp-json\/wp\/v2\/comments?post=2709"}],"version-history":[{"count":1,"href":"https:\/\/comisioncontralores.gob.mx\/2023\/wp-json\/wp\/v2\/posts\/2709\/revisions"}],"predecessor-version":[{"id":2710,"href":"https:\/\/comisioncontralores.gob.mx\/2023\/wp-json\/wp\/v2\/posts\/2709\/revisions\/2710"}],"wp:attachment":[{"href":"https:\/\/comisioncontralores.gob.mx\/2023\/wp-json\/wp\/v2\/media?parent=2709"}],"wp:term":[{"taxonomy":"category","embeddable":true,"href":"https:\/\/comisioncontralores.gob.mx\/2023\/wp-json\/wp\/v2\/categories?post=2709"},{"taxonomy":"post_tag","embeddable":true,"href":"https:\/\/comisioncontralores.gob.mx\/2023\/wp-json\/wp\/v2\/tags?post=2709"}],"curies":[{"name":"wp","href":"https:\/\/api.w.org\/{rel}","templated":true}]}}