{"id":2738,"date":"2023-05-25T16:11:04","date_gmt":"2023-05-25T23:11:04","guid":{"rendered":"http:\/\/comisioncontralores.gob.mx\/2023\/?p=2738"},"modified":"2023-07-10T16:11:53","modified_gmt":"2023-07-10T23:11:53","slug":"lxx-reunion-nacional-de-contralores-de-mexico","status":"publish","type":"post","link":"https:\/\/comisioncontralores.gob.mx\/2023\/lxx-reunion-nacional-de-contralores-de-mexico\/","title":{"rendered":"LXX Reuni\u00f3n Nacional de Contralores de M\u00e9xico"},"content":{"rendered":"<p>Con el compromiso de seguir fortaleciendo el control y la eficacia en el servicio p\u00fablico concluye la LXX Reuni\u00f3n Nacional de contralores de M\u00e9xico.<\/p>\n<p>Durante tres d\u00edas se analizaron los avances en las 18 l\u00edneas de acci\u00f3n y los 32 programas de trabajo para este a\u00f1o.<\/p>\n<p>El jueves y el viernes se realizaron conferencias, mesas de trabajo y di\u00e1logo en los temas de fiscalizaci\u00f3n, declaraciones patrimoniales, compras p\u00fablicas y denuncias por delitos de corrupci\u00f3n.<\/p>\n<p>Se suscribi\u00f3 el Programa Anual de Trabajo de los \u00f3rganos estatales de control en materia de Participaci\u00f3n Ciudadana y Contralor\u00eda Social para 2023.<\/p>\n<p>Hoy concluy\u00f3 la LXX Reuni\u00f3n Nacional de la Comisi\u00f3n Permanente de Contralores Estados-Federaci\u00f3n (CPCE-F) con el compromiso de seguir fortaleciendo los sistemas de control y fiscalizaci\u00f3n para que el servicio p\u00fablico funcione con probidad y eficacia.<\/p>\n<p>Al clausurar la reuni\u00f3n, el secretario de la Contralor\u00eda de la Ciudad de M\u00e9xico y coordinador nacional de la CPCE-F, Juan Jos\u00e9 Serrano Mendoza, agradeci\u00f3 los esfuerzos que han realizado todas y todos los contralores para cumplir con los objetivos trazados y el avance alcanzado en cada uno de los programas.<\/p>\n<p>A su vez, en su mensaje como Presidente Suplente de la CPCE-F, el titular de la Unidad de Auditor\u00eda a Contrataciones P\u00fablica y encargado del despacho de la Subsecretar\u00eda de Fiscalizaci\u00f3n y Combate a la Corrupci\u00f3n de la Secretar\u00eda de la Funci\u00f3n P\u00fablica (SFP), Eduardo Gurza Curiel, reiter\u00f3 la importancia del enfoque preventivo con una visi\u00f3n integral que involucre el control de las operaciones gubernamentales, la regulaci\u00f3n de los recursos humanos y su profesionalizaci\u00f3n, as\u00ed como la \u00e9tica de las y los servidores p\u00fablicos.<\/p>\n<p>Agreg\u00f3 que los logros e informes expuestos en esta reuni\u00f3n dieron cuenta de los avances al cumplimiento son muestra de que se sigue trabajando en el control, la eficiencia y la vigilancia en el manejo de los recursos p\u00fablicos y se seguir\u00e1 haciendo de manera coordinada.<\/p>\n<p>Durante el jueves 25 y el viernes 26 de mayo se analizaron los avances en las 18 l\u00edneas de acci\u00f3n y los 32 programas de trabajo de 2023, de las nueve regiones en que se divide la CPCE-F, adem\u00e1s de realizarse conferencias magistrales, mesas de trabajo y di\u00e1logo en los temas de fiscalizaci\u00f3n, declaraciones patrimoniales y compras p\u00fablicas.<\/p>\n<p>En dichas sesiones participaron el magistrado presidente del Tribunal Federal de Justicia Administrativa, Guillermo Valls Esponda; el auditor especial del Gasto Federalizado de la Auditor\u00eda Superior de la Federaci\u00f3n, Emilio Barriga Delgado; el especialista senior en pol\u00edticas de integridad y compras p\u00fablicas de la OCDE, Jacobo Pastor Garc\u00eda Villarreal; el contralor del estado de Idaho e integrante de la Asociaci\u00f3n de Auditores, Contralores y Tesoreros de EU, Brandon Woolf, el titular de la Unidad de Control, Evaluaci\u00f3n y Mejora de la Gesti\u00f3n P\u00fablica de la SFP, Jos\u00e9 Luis Ch\u00e1vez Delgado, y la titular de la Unidad de Responsabilidades Administrativas Controversias y Sanciones de la SFP, Katia Karina Rodr\u00edguez Ramos.<\/p>\n<p>Asimismo, se cont\u00f3 con la participaci\u00f3n de los fiscales especializados en Combate a la Corrupci\u00f3n de la Ciudad de M\u00e9xico, Rafael Chong Flores, y del estado de Quintana Roo, Rosaura Antonina Villanueva Arz\u00e1palo.<\/p>\n<p>En la reuni\u00f3n tambi\u00e9n se realiz\u00f3 el acto protocolario para la suscripci\u00f3n del Programa Anual de Trabajo de los \u00f3rganos estatales de control en materia de Participaci\u00f3n Ciudadana y Contralor\u00eda Social para el ejercicio fiscal 2023, a cargo de la Coordinaci\u00f3n General de Ciudadanizaci\u00f3n y Defensa de V\u00edctimas de la Corrupci\u00f3n de la SFP.<\/p>\n","protected":false},"excerpt":{"rendered":"<p>Con el compromiso de seguir fortaleciendo el control y la eficacia en el servicio p\u00fablico concluye la LXX Reuni\u00f3n Nacional de contralores de M\u00e9xico. Durante tres d\u00edas se analizaron los [&hellip;]<\/p>\n","protected":false},"author":3,"featured_media":2739,"comment_status":"open","ping_status":"open","sticky":false,"template":"","format":"standard","meta":{"_acf_changed":false,"footnotes":""},"categories":[1],"tags":[],"class_list":["post-2738","post","type-post","status-publish","format-standard","has-post-thumbnail","hentry","category-uncategorized"],"acf":[],"_links":{"self":[{"href":"https:\/\/comisioncontralores.gob.mx\/2023\/wp-json\/wp\/v2\/posts\/2738","targetHints":{"allow":["GET"]}}],"collection":[{"href":"https:\/\/comisioncontralores.gob.mx\/2023\/wp-json\/wp\/v2\/posts"}],"about":[{"href":"https:\/\/comisioncontralores.gob.mx\/2023\/wp-json\/wp\/v2\/types\/post"}],"author":[{"embeddable":true,"href":"https:\/\/comisioncontralores.gob.mx\/2023\/wp-json\/wp\/v2\/users\/3"}],"replies":[{"embeddable":true,"href":"https:\/\/comisioncontralores.gob.mx\/2023\/wp-json\/wp\/v2\/comments?post=2738"}],"version-history":[{"count":1,"href":"https:\/\/comisioncontralores.gob.mx\/2023\/wp-json\/wp\/v2\/posts\/2738\/revisions"}],"predecessor-version":[{"id":2740,"href":"https:\/\/comisioncontralores.gob.mx\/2023\/wp-json\/wp\/v2\/posts\/2738\/revisions\/2740"}],"wp:featuredmedia":[{"embeddable":true,"href":"https:\/\/comisioncontralores.gob.mx\/2023\/wp-json\/wp\/v2\/media\/2739"}],"wp:attachment":[{"href":"https:\/\/comisioncontralores.gob.mx\/2023\/wp-json\/wp\/v2\/media?parent=2738"}],"wp:term":[{"taxonomy":"category","embeddable":true,"href":"https:\/\/comisioncontralores.gob.mx\/2023\/wp-json\/wp\/v2\/categories?post=2738"},{"taxonomy":"post_tag","embeddable":true,"href":"https:\/\/comisioncontralores.gob.mx\/2023\/wp-json\/wp\/v2\/tags?post=2738"}],"curies":[{"name":"wp","href":"https:\/\/api.w.org\/{rel}","templated":true}]}}