{"id":2741,"date":"2023-05-24T16:15:02","date_gmt":"2023-05-24T23:15:02","guid":{"rendered":"http:\/\/comisioncontralores.gob.mx\/2023\/?p=2741"},"modified":"2023-07-10T16:16:24","modified_gmt":"2023-07-10T23:16:24","slug":"en-la-ciudad-de-mexico-se-inaugura-la-lxx-reunion-nacional-de-contralorias-gubernamentales","status":"publish","type":"post","link":"https:\/\/comisioncontralores.gob.mx\/2023\/en-la-ciudad-de-mexico-se-inaugura-la-lxx-reunion-nacional-de-contralorias-gubernamentales\/","title":{"rendered":"En la Ciudad de M\u00e9xico se inaugura la LXX Reuni\u00f3n Nacional de Contralor\u00edas Gubernamentales"},"content":{"rendered":"<p>Se busca fortalecer los mecanismos de prevenci\u00f3n, detecci\u00f3n, y de sanci\u00f3n de presuntos hechos de corrupci\u00f3n y de faltas administrativas.<\/p>\n<p>Participan representantes del TFJA, de la OCDE y de la Asociaci\u00f3n de Auditores, Contralores y Tesoreros de los Estados de Estados Unidos.<\/p>\n<p>Intercambian experiencias en materia de control interno, fiscalizaci\u00f3n, investigaci\u00f3n y substanciaci\u00f3n en el \u00e1mbito administrativo.<\/p>\n<p>Esta tarde en la Ciudad de M\u00e9xico se inaugur\u00f3 la LXX Reuni\u00f3n Nacional de la Comisi\u00f3n Permanente de Contralores Estados-Federaci\u00f3n (CPCE-F), con el prop\u00f3sito de fortalecer los mecanismos de prevenci\u00f3n, y de vigilancia en la administraci\u00f3n y comprobaci\u00f3n de los recursos p\u00fablicos.<\/p>\n<p>Durante el encuentro, que concluir\u00e1 el viernes 26 de mayo, adem\u00e1s de revisar los avances del Plan Anual de Trabajo de la Comisi\u00f3n, se realizar\u00e1n mesas de an\u00e1lisis y conferencias para intercambiar experiencias en materia de presentaci\u00f3n y recepci\u00f3n de denuncias por posibles actos de corrupci\u00f3n, resoluci\u00f3n de faltas administrativas, declaraciones patrimoniales y \u00e9tica del servicio p\u00fablico, con la participaci\u00f3n de especialistas del Tribunal Federal de Justicia Administrativa y la Organizaci\u00f3n para la Cooperaci\u00f3n y el Desarrollo Econ\u00f3micos, entre otros.<\/p>\n<p>Durante la apertura, el secretario de la Contralor\u00eda de la Ciudad de M\u00e9xico y coordinador nacional de la CPCE-F, Juan Jos\u00e9 Serrano Mendoza, expres\u00f3 que todos y cada uno de las y los que nos encontramos hoy en este hist\u00f3rico recinto, estamos comprometidos en el combate a la corrupci\u00f3n y debemos impedir el regreso de las pr\u00e1cticas deleznables y poco \u00e9ticas que generaron un da\u00f1o irreparable al patrimonio de las y los mexicanos.<\/p>\n<p>En ese sentido, afirm\u00f3 que \u201cen esta Comisi\u00f3n sus integrantes actuamos con estricta sujeci\u00f3n y respeto al Estado de derecho, la presunci\u00f3n de inocencia y los principios fundamentales del derecho\u201d.<\/p>\n<p>A su vez, el secretario de la Funci\u00f3n P\u00fablica y presidente de la CPCE-F, Roberto Salcedo Aquino, dijo que la principal actividad de la instituci\u00f3n que encabeza es prever y evitar la materializaci\u00f3n de los riesgos de ineficacia y corrupci\u00f3n en el otorgamiento y prestaci\u00f3n de los bienes y servicios para satisfacer las necesidades de la poblaci\u00f3n.<\/p>\n<p>Se\u00f1al\u00f3 que las instituciones reunidas son responsables de propiciar la buena marcha de la maquinaria gubernamental y contribuir a que el gobierno opere con eficacia y honestidad. \u201cNos corresponde tambi\u00e9n vigilar que el presupuesto se ejerza en los fines previstos y produzca los resultados esperados\u201d, subray\u00f3.<\/p>\n<p>\u201cLa solidez t\u00e9cnica, profesionalidad y sujeci\u00f3n a la legalidad con la que se desempe\u00f1an los 32 \u00f3rganos internos de control de las entidades federativas redunda en el fortalecimiento y reconocimiento de nuestra Comisi\u00f3n Permanente de Contralores Estados-Federaci\u00f3n, lo que nos permitir\u00e1 transitar hacia el Sistema Nacional de Fiscalizaci\u00f3n al que todos aspiramos\u201d, concluy\u00f3 el titular de la SFP.<\/p>\n<p>En la inauguraci\u00f3n tambi\u00e9n participaron el auditor Superior de la Federaci\u00f3n, David Colmenares P\u00e1ramo y el presidente de la Asociaci\u00f3n de Auditores, Contralores y Tesoreros de los Estados de Estados Unidos (NASACT, por sus siglas en ingl\u00e9s).<\/p>\n","protected":false},"excerpt":{"rendered":"<p>Se busca fortalecer los mecanismos de prevenci\u00f3n, detecci\u00f3n, y de sanci\u00f3n de presuntos hechos de corrupci\u00f3n y de faltas administrativas. Participan representantes del TFJA, de la OCDE y de la [&hellip;]<\/p>\n","protected":false},"author":3,"featured_media":2742,"comment_status":"open","ping_status":"open","sticky":false,"template":"","format":"standard","meta":{"_acf_changed":false,"footnotes":""},"categories":[1],"tags":[],"class_list":["post-2741","post","type-post","status-publish","format-standard","has-post-thumbnail","hentry","category-uncategorized"],"acf":[],"_links":{"self":[{"href":"https:\/\/comisioncontralores.gob.mx\/2023\/wp-json\/wp\/v2\/posts\/2741","targetHints":{"allow":["GET"]}}],"collection":[{"href":"https:\/\/comisioncontralores.gob.mx\/2023\/wp-json\/wp\/v2\/posts"}],"about":[{"href":"https:\/\/comisioncontralores.gob.mx\/2023\/wp-json\/wp\/v2\/types\/post"}],"author":[{"embeddable":true,"href":"https:\/\/comisioncontralores.gob.mx\/2023\/wp-json\/wp\/v2\/users\/3"}],"replies":[{"embeddable":true,"href":"https:\/\/comisioncontralores.gob.mx\/2023\/wp-json\/wp\/v2\/comments?post=2741"}],"version-history":[{"count":1,"href":"https:\/\/comisioncontralores.gob.mx\/2023\/wp-json\/wp\/v2\/posts\/2741\/revisions"}],"predecessor-version":[{"id":2743,"href":"https:\/\/comisioncontralores.gob.mx\/2023\/wp-json\/wp\/v2\/posts\/2741\/revisions\/2743"}],"wp:featuredmedia":[{"embeddable":true,"href":"https:\/\/comisioncontralores.gob.mx\/2023\/wp-json\/wp\/v2\/media\/2742"}],"wp:attachment":[{"href":"https:\/\/comisioncontralores.gob.mx\/2023\/wp-json\/wp\/v2\/media?parent=2741"}],"wp:term":[{"taxonomy":"category","embeddable":true,"href":"https:\/\/comisioncontralores.gob.mx\/2023\/wp-json\/wp\/v2\/categories?post=2741"},{"taxonomy":"post_tag","embeddable":true,"href":"https:\/\/comisioncontralores.gob.mx\/2023\/wp-json\/wp\/v2\/tags?post=2741"}],"curies":[{"name":"wp","href":"https:\/\/api.w.org\/{rel}","templated":true}]}}