{"id":2788,"date":"2023-09-01T15:44:59","date_gmt":"2023-09-01T22:44:59","guid":{"rendered":"http:\/\/comisioncontralores.gob.mx\/2023\/?p=2788"},"modified":"2023-09-01T15:46:30","modified_gmt":"2023-09-01T22:46:30","slug":"sexto-encuentro-de-areas-investigadoras-y-substanciadoras","status":"publish","type":"post","link":"https:\/\/comisioncontralores.gob.mx\/2023\/sexto-encuentro-de-areas-investigadoras-y-substanciadoras\/","title":{"rendered":"Sexto Encuentro de \u00c1reas Investigadoras y Substanciadoras"},"content":{"rendered":"<div class=\"elementToProof ContentPasted0\">Manzanillo, Colima; 14 de julio 2023.- Con el objetivo concreto de formar conocimiento a trav\u00e9s de la exposici\u00f3n de experiencias, se realiz\u00f3 con \u00e9xito el <span class=\"ContentPasted1\">Sexto Encuentro de \u00c1reas Investigadoras y Substanciadoras en Manzanillo, Colima, con la organizaci\u00f3n del \u00d3rgano Estatal de Control del estado sede, as\u00ed como el de Guanajuato.<\/span><\/div>\n<div class=\"elementToProof ContentPasted0\">\n<div><\/div>\n<div class=\"ContentPasted0\">Se trat\u00f3 de dos d\u00edas de formaci\u00f3n y capacitaci\u00f3n, donde se compartieron criterios en casos espec\u00edficos de responsabilidades administrativas y buenas pr\u00e1cticas, adem\u00e1s de la difusi\u00f3n de las ponencias \u00abEl Control de la Convencionalidad en la Administraci\u00f3n P\u00fablica y su Vinculaci\u00f3n con los Procedimientos de Responsabilidad Administrativa\u00bb a cargo de Dr. Eliverio Garc\u00eda Mons\u00f3n, Magistrado Presidente y Propietario de la Segunda Sala del Tribunal de Justicia Administrativa del Estado de Guanajuato, y la ponencia \u00abEl Debido Proceso en Materia Administrativa\u00bb por la Dra. Lizbeth X\u00f3chitl Padilla Sanabria.<\/div>\n<div class=\"ContentPasted0\"><\/div>\n<div class=\"ContentPasted0\">En el evento participaron las \u00e1reas afines de todos los \u00d3rganos Estatales de Control del pa\u00eds quienes se abocaron a compartir las experiencias para nutrir de conocimiento general.<\/div>\n<\/div>\n","protected":false},"excerpt":{"rendered":"<p>Manzanillo, Colima; 14 de julio 2023.- Con el objetivo concreto de formar conocimiento a trav\u00e9s de la exposici\u00f3n de experiencias, se realiz\u00f3 con \u00e9xito el Sexto Encuentro de \u00c1reas Investigadoras [&hellip;]<\/p>\n","protected":false},"author":3,"featured_media":2789,"comment_status":"open","ping_status":"open","sticky":false,"template":"","format":"standard","meta":{"_acf_changed":false,"footnotes":""},"categories":[1],"tags":[],"class_list":["post-2788","post","type-post","status-publish","format-standard","has-post-thumbnail","hentry","category-uncategorized"],"acf":[],"_links":{"self":[{"href":"https:\/\/comisioncontralores.gob.mx\/2023\/wp-json\/wp\/v2\/posts\/2788","targetHints":{"allow":["GET"]}}],"collection":[{"href":"https:\/\/comisioncontralores.gob.mx\/2023\/wp-json\/wp\/v2\/posts"}],"about":[{"href":"https:\/\/comisioncontralores.gob.mx\/2023\/wp-json\/wp\/v2\/types\/post"}],"author":[{"embeddable":true,"href":"https:\/\/comisioncontralores.gob.mx\/2023\/wp-json\/wp\/v2\/users\/3"}],"replies":[{"embeddable":true,"href":"https:\/\/comisioncontralores.gob.mx\/2023\/wp-json\/wp\/v2\/comments?post=2788"}],"version-history":[{"count":3,"href":"https:\/\/comisioncontralores.gob.mx\/2023\/wp-json\/wp\/v2\/posts\/2788\/revisions"}],"predecessor-version":[{"id":2797,"href":"https:\/\/comisioncontralores.gob.mx\/2023\/wp-json\/wp\/v2\/posts\/2788\/revisions\/2797"}],"wp:featuredmedia":[{"embeddable":true,"href":"https:\/\/comisioncontralores.gob.mx\/2023\/wp-json\/wp\/v2\/media\/2789"}],"wp:attachment":[{"href":"https:\/\/comisioncontralores.gob.mx\/2023\/wp-json\/wp\/v2\/media?parent=2788"}],"wp:term":[{"taxonomy":"category","embeddable":true,"href":"https:\/\/comisioncontralores.gob.mx\/2023\/wp-json\/wp\/v2\/categories?post=2788"},{"taxonomy":"post_tag","embeddable":true,"href":"https:\/\/comisioncontralores.gob.mx\/2023\/wp-json\/wp\/v2\/tags?post=2788"}],"curies":[{"name":"wp","href":"https:\/\/api.w.org\/{rel}","templated":true}]}}