{"id":2798,"date":"2023-09-01T15:49:58","date_gmt":"2023-09-01T22:49:58","guid":{"rendered":"http:\/\/comisioncontralores.gob.mx\/2023\/?p=2798"},"modified":"2023-09-26T12:21:04","modified_gmt":"2023-09-26T19:21:04","slug":"durango-sede-de-asamblea-de-contralores-del-noreste","status":"publish","type":"post","link":"https:\/\/comisioncontralores.gob.mx\/2023\/durango-sede-de-asamblea-de-contralores-del-noreste\/","title":{"rendered":"Durango sede de Asamblea de Contralores del Noreste"},"content":{"rendered":"<div class=\"ContentPasted2\">Durango fue sede de la Segunda Asamblea Ordinaria de la Regi\u00f3n Noreste de la Comisi\u00f3n Permanente de Contralores Estados-Federaci\u00f3n (CPCE-F), donde se rindieron avances de los proyectos de la zona y la entidad anfitriona, impartieron ponencias para intercambiar experiencias sobre los procesos de integraci\u00f3n de expedientes, denuncia y seguimiento ante presuntos actos de corrupci\u00f3n y faltas administrativas.<\/div>\n<div><\/div>\n<div class=\"ContentPasted2\">Tania Julieta Hern\u00e1ndez Maldonado, secretaria de la Contralor\u00eda del Estado de Durango (SECOED) y coordinadora suplente de la Regi\u00f3n Noreste, encabez\u00f3 la sesi\u00f3n junto a Juan Jos\u00e9 Serrano, secretario de la Contralor\u00eda General de la Ciudad de M\u00e9xico (CDMX) y coordinador nacional de la CPCE-F, as\u00ed como con Omar Gonz\u00e1lez Vera, titular de la Unidad de Auditor\u00eda Gubernamental de la Secretar\u00eda de la Funci\u00f3n P\u00fablica (SFP) y asesor t\u00e9cnico nacional de la Comisi\u00f3n.<\/div>\n<div><\/div>\n<div class=\"ContentPasted2\">Asistieron titulares, secretarios t\u00e9cnicos y representantes de Sonora y Campeche, as\u00ed como de los estados de la regi\u00f3n: Nuevo Le\u00f3n, San Luis Potos\u00ed, Coahuila, Tamaulipas y el equipo de la sede.<\/div>\n<div><\/div>\n<div class=\"ContentPasted2\">Hern\u00e1ndez Maldonado, destac\u00f3 la importancia del intercambio de experiencias del trabajo realizado en el Gobierno de Esteban Villegas Villarreal con otras entidades y \u201cser preventivos, capacit\u00e1ndonos, participando y comprometi\u00e9ndonos con la gente, que nos visiten y conozcan la ciudad, no s\u00f3lo por el trabajo, para darnos a conocer como un estado con ganas de ser mejores, cumplimos con el compromiso de ser un estado responsable con el apoyo de la experiencia tambi\u00e9n de otras contralor\u00edas\u201d, dijo.<\/div>\n<div><\/div>\n<div class=\"ContentPasted2\">Noel D\u00edaz Rodr\u00edguez, fiscal especializado en Combate a la Corrupci\u00f3n en Durango, imparti\u00f3 la ponencia \u201cLa Denuncia, investigaci\u00f3n y actos de corrupci\u00f3n\u201d, mientras que Jas\u00f3n Eleazar Canales Garc\u00eda, magistrado presidente y titular de la Sala Superior del Tribunal de Justicia Administrativa del Estado de Durango particip\u00f3 con la conferencia \u201cLa importancia del principio de legalidad y tipicidad en el procedimiento de responsabilidad administrativa\u00bb, las cuales se transmitieron v\u00eda internet para todos los \u00d3rganos Estatales de Control.<\/div>\n<div><\/div>\n<div class=\"ContentPasted2\">Juan Jos\u00e9 Serrano, secretario de la Contralor\u00eda General de la Ciudad de M\u00e9xico y coordinador nacional de la Comisi\u00f3n Permanente de Contralores, destac\u00f3 que esta reuni\u00f3n permiti\u00f3 darle seguimiento al Programa de Trabajo, fortalecimiento de capacidades de los funcionarios, que es uno de los objetivos de la Regi\u00f3n Noreste.<\/div>\n<div><\/div>\n<div class=\"ContentPasted2\">Sobre la actividad con Durango, expres\u00f3: \u201chay disposici\u00f3n y flexibilidad para todos los trabajos, hay conocimiento por parte de la Contralora, vamos caminando muy bien\u201d.<\/div>\n<div><\/div>\n<div class=\"ContentPasted2\">Debe haber total compromiso por parte de los contralores de las entidades, el primer paso es el combate a la corrupci\u00f3n, despu\u00e9s darle cumplimiento a la normatividad y hacer que la ley se cumpla, se siga y se observe, su trabajo es estructural y fundamental para el gobierno y la funci\u00f3n p\u00fablica, detall\u00f3.<\/div>\n<div><\/div>\n<div class=\"ContentPasted2\">Por su parte, Omar Gonz\u00e1lez Vera, quien represent\u00f3 al Mtro. Roberto Salcedo Aquino, titular de la Secretar\u00eda de la Funci\u00f3n P\u00fablica (SFP), y presidente de la CPCE-F, asever\u00f3: \u201cDurango ha tenido una participaci\u00f3n muy importante, tienen un a\u00f1o de gobierno y la labor de coordinaci\u00f3n, sobre todo en la fiscalizaci\u00f3n, ha sido muy atinada y nos est\u00e1 ayudando mucho a contrarrestar los aspectos que se han venido manejando en t\u00e9rminos de las observaciones pendientes\u201d, valor\u00f3.<\/div>\n<div><\/div>\n<p>La SFP colabora con las contralor\u00edas estatales en la prevenci\u00f3n, fiscalizaci\u00f3n y la sanci\u00f3n de las presuntas faltas de los servidores p\u00fablicos y presuntos hechos de corrupci\u00f3n.<\/p>\n","protected":false},"excerpt":{"rendered":"<p>Durango fue sede de la Segunda Asamblea Ordinaria de la Regi\u00f3n Noreste de la Comisi\u00f3n Permanente de Contralores Estados-Federaci\u00f3n (CPCE-F), donde se rindieron avances de los proyectos de la zona [&hellip;]<\/p>\n","protected":false},"author":3,"featured_media":2947,"comment_status":"open","ping_status":"open","sticky":false,"template":"","format":"standard","meta":{"_acf_changed":false,"footnotes":""},"categories":[1],"tags":[],"class_list":["post-2798","post","type-post","status-publish","format-standard","has-post-thumbnail","hentry","category-uncategorized"],"acf":[],"_links":{"self":[{"href":"https:\/\/comisioncontralores.gob.mx\/2023\/wp-json\/wp\/v2\/posts\/2798","targetHints":{"allow":["GET"]}}],"collection":[{"href":"https:\/\/comisioncontralores.gob.mx\/2023\/wp-json\/wp\/v2\/posts"}],"about":[{"href":"https:\/\/comisioncontralores.gob.mx\/2023\/wp-json\/wp\/v2\/types\/post"}],"author":[{"embeddable":true,"href":"https:\/\/comisioncontralores.gob.mx\/2023\/wp-json\/wp\/v2\/users\/3"}],"replies":[{"embeddable":true,"href":"https:\/\/comisioncontralores.gob.mx\/2023\/wp-json\/wp\/v2\/comments?post=2798"}],"version-history":[{"count":1,"href":"https:\/\/comisioncontralores.gob.mx\/2023\/wp-json\/wp\/v2\/posts\/2798\/revisions"}],"predecessor-version":[{"id":2799,"href":"https:\/\/comisioncontralores.gob.mx\/2023\/wp-json\/wp\/v2\/posts\/2798\/revisions\/2799"}],"wp:featuredmedia":[{"embeddable":true,"href":"https:\/\/comisioncontralores.gob.mx\/2023\/wp-json\/wp\/v2\/media\/2947"}],"wp:attachment":[{"href":"https:\/\/comisioncontralores.gob.mx\/2023\/wp-json\/wp\/v2\/media?parent=2798"}],"wp:term":[{"taxonomy":"category","embeddable":true,"href":"https:\/\/comisioncontralores.gob.mx\/2023\/wp-json\/wp\/v2\/categories?post=2798"},{"taxonomy":"post_tag","embeddable":true,"href":"https:\/\/comisioncontralores.gob.mx\/2023\/wp-json\/wp\/v2\/tags?post=2798"}],"curies":[{"name":"wp","href":"https:\/\/api.w.org\/{rel}","templated":true}]}}