{"id":2943,"date":"2023-09-26T12:14:21","date_gmt":"2023-09-26T19:14:21","guid":{"rendered":"http:\/\/comisioncontralores.gob.mx\/2023\/?p=2943"},"modified":"2023-09-26T12:14:21","modified_gmt":"2023-09-26T19:14:21","slug":"acapulco-sede-de-la-2da-asamblea-ordinaria-de-la-comision-permanente-de-contralores-estado-federacion","status":"publish","type":"post","link":"https:\/\/comisioncontralores.gob.mx\/2023\/acapulco-sede-de-la-2da-asamblea-ordinaria-de-la-comision-permanente-de-contralores-estado-federacion\/","title":{"rendered":"Acapulco sede de la 2da Asamblea Ordinaria de la Comisi\u00f3n Permanente de Contralores Estado-Federaci\u00f3n"},"content":{"rendered":"<p>Acapulco, Gro., 21 de septiembre 2023.- El Gobierno del Estado de Guerrero es anfitri\u00f3n en Acapulco del desarrollo de la Segunda Asamblea Ordinaria de la Regi\u00f3n Centro Pac\u00edfico de la Comisi\u00f3n Permanente de Contralores Estado \u2013 Federaci\u00f3n, en el que participan alrededor de 9 estados de la Rep\u00fablica Mexicana.<\/p>\n<p>El Titular de la Secretar\u00eda de Contralor\u00eda y Transparencia Gubernamental del Estado de Guerrero, Victor Edgar Arenas, mencion\u00f3 que dicho evento tiene el prop\u00f3sito de consolidar que el ejercicio de los recursos p\u00fablicos se realice con eficacia, y que la honestidad sea un h\u00e1bito en las instituciones, pero tambi\u00e9n en el actuar de las y los servidores p\u00fablicos.<\/p>\n<p>Subray\u00f3 que uno de los compromisos por parte de la gobernadora Evelyn Salgado Pineda es mantener una \u00e9tica que privilegie en todo momento el inter\u00e9s social, acabando con el mal de todos los males que es la corrupci\u00f3n, mejorar la rendici\u00f3n de cuentas y la transparencia tal como lo ha definido en su Plan Estatal de Desarrollo.<\/p>\n<p>Dicha asamblea concluir\u00e1 el 22 de septiembre donde se dar\u00e1n a conocer los avances del Programa Anual de Trabajo 2023 de la Regi\u00f3n Centro Pacifico con una l\u00ednea de acci\u00f3n especifica que es la \u201cComisi\u00f3n en Materia de Normas, Profesionalizaci\u00f3n y \u00c9tica P\u00fablica.<\/p>\n<p>En la reuni\u00f3n participan los titulares de los \u00f3rganos de control de las entidades que son Quer\u00e9taro, Michoac\u00e1n, Estado de M\u00e9xico, CDMX, Morelos, Guerrero, la SFP, adem\u00e1s de especialistas en materia de corrupci\u00f3n y el auditor Superior de la Federaci\u00f3n.<\/p>\n<p><strong>Nos mantenemos firmes en hacer un gobierno transformador con el combate a la corrupci\u00f3n: Evelyn Salgado<\/strong><\/p>\n<p>\u201cNos mantenemos firmes en la convicci\u00f3n de hacer de este, un gobierno transformador, iniciando por supuesto, por el ejercicio transparente de los recursos\u201d, se\u00f1al\u00f3 la gobernadora Evelyn Salgado Pineda durante la Segunda Asamblea Ordinaria de la Regi\u00f3n Centro Pac\u00edfico de la Comisi\u00f3n Permanente de Contralores Estados\u2013Federaci\u00f3n, en la que participan representantes de Quer\u00e9taro, Morelos, Michoac\u00e1n, Ciudad de M\u00e9xico, Estado de M\u00e9xico y Guerrero.<\/p>\n<p>En su mensaje, la mandataria estatal se\u00f1al\u00f3 que el combate a la corrupci\u00f3n es una tarea conjunta de todas y todos, en donde existe un compromiso firme de robustecer los esfuerzos de erradicaci\u00f3n a dicho flagelo promoviendo la austeridad, para lograr que los programas sociales lleguen a un mayor n\u00famero de personas. En este sentido, resalt\u00f3 el trabajo que se hace desde la Comisi\u00f3n Permanente de Contralores Estados-Federaci\u00f3n para lograr la consolidaci\u00f3n de mejorar las pr\u00e1cticas y estrategias en esta materia.<\/p>\n<p>\u201cUn estado puede tener muchos recursos, un estado puede tener mucha riqueza natural, cultural, gastron\u00f3mica, como lo tiene Guerrero, como lo tienen todos los estados que hoy estamos aqu\u00ed. Se pueden tener muchas cosas, pero si no hay una l\u00ednea de combate frontal a la corrupci\u00f3n, se puede hacer poco. Yo creo que lo principal en todos es sacar a la corrupci\u00f3n de cualquier espacio, de cualquier lugar, de cualquier dependencia, de cualquier trinchera, si erradicamos la corrupci\u00f3n, los recursos van a alcanzar\u201d, expres\u00f3 la mandataria.<\/p>\n<p>De la misma manera, Evelyn Salgado se pronunci\u00f3 a favor de continuar impulsando gobiernos austeros hacia afuera y de territorio, reafirmando siempre el compromiso absoluto con la rendici\u00f3n de cuentas, la coordinaci\u00f3n interinstitucional y el reforzamiento de acciones encaminadas a la transparencia, para eliminar las malas pr\u00e1cticas en la administraci\u00f3n p\u00fablica.<\/p>\n<p>En su participaci\u00f3n, el coordinador general de la Fiscalizaci\u00f3n de la Secretar\u00eda de la Funci\u00f3n P\u00fablica y presidente suplente de la Comisi\u00f3n Permanente de Contralores Estados-Federaci\u00f3n, Eduardo Gurza Curiel, detall\u00f3 que en esta reuni\u00f3n se revisar\u00e1n avances de los proyectos asociados con las l\u00edneas de acci\u00f3n de la regi\u00f3n Centro Pac\u00edfico. Destac\u00f3 el trabajo coordinado que se genera para el cumplimiento de las tareas de control y fiscalizaci\u00f3n, as\u00ed como la conjunci\u00f3n de esfuerzos entre las contralor\u00edas estatales y la Secretar\u00eda de la Funci\u00f3n P\u00fablica, mediante el intercambio de experiencias.<\/p>\n<p>\u201cEn la medida de que este equipo sea s\u00f3lido, m\u00e1s cerca estaremos de satisfacer las expectativas de la sociedad respecto de la misi\u00f3n que nos ha sido encomendada. Con nuestro compromiso y trabajo coordinado, marcaremos una diferencia en la forma de entender y ejercer nuestras atribuciones\u201d, dijo.<\/p>\n<p>En tanto que el secretario de Contralor\u00eda y Transparencia del Gobierno del Estado de Guerrero, V\u00edctor Edgar Arenas dijo que a trav\u00e9s de estas acciones y este intercambio, se trabaja en la homologaci\u00f3n de criterios y acciones en beneficio del servicio p\u00fablico, la priorizaci\u00f3n de la transparencia y la rendici\u00f3n de cuentas, fortaleciendo el control interno en las instituciones p\u00fablicas y retomando acciones que impulsen la participaci\u00f3n ciudadana.<\/p>\n<p>Asistieron a este evento, el secretario de la Contralor\u00eda General de la Ciudad de M\u00e9xico, Juan Jos\u00e9 Serrano Mendoza; la secretaria de Contralor\u00eda de Michoac\u00e1n, Azucena Mar\u00edn Correa, entre otros.<\/p>\n","protected":false},"excerpt":{"rendered":"<p>Acapulco, Gro., 21 de septiembre 2023.- El Gobierno del Estado de Guerrero es anfitri\u00f3n en Acapulco del desarrollo de la Segunda Asamblea Ordinaria de la Regi\u00f3n Centro Pac\u00edfico de la [&hellip;]<\/p>\n","protected":false},"author":3,"featured_media":2944,"comment_status":"open","ping_status":"open","sticky":false,"template":"","format":"standard","meta":{"_acf_changed":false,"footnotes":""},"categories":[1],"tags":[],"class_list":["post-2943","post","type-post","status-publish","format-standard","has-post-thumbnail","hentry","category-uncategorized"],"acf":[],"_links":{"self":[{"href":"https:\/\/comisioncontralores.gob.mx\/2023\/wp-json\/wp\/v2\/posts\/2943","targetHints":{"allow":["GET"]}}],"collection":[{"href":"https:\/\/comisioncontralores.gob.mx\/2023\/wp-json\/wp\/v2\/posts"}],"about":[{"href":"https:\/\/comisioncontralores.gob.mx\/2023\/wp-json\/wp\/v2\/types\/post"}],"author":[{"embeddable":true,"href":"https:\/\/comisioncontralores.gob.mx\/2023\/wp-json\/wp\/v2\/users\/3"}],"replies":[{"embeddable":true,"href":"https:\/\/comisioncontralores.gob.mx\/2023\/wp-json\/wp\/v2\/comments?post=2943"}],"version-history":[{"count":1,"href":"https:\/\/comisioncontralores.gob.mx\/2023\/wp-json\/wp\/v2\/posts\/2943\/revisions"}],"predecessor-version":[{"id":2945,"href":"https:\/\/comisioncontralores.gob.mx\/2023\/wp-json\/wp\/v2\/posts\/2943\/revisions\/2945"}],"wp:featuredmedia":[{"embeddable":true,"href":"https:\/\/comisioncontralores.gob.mx\/2023\/wp-json\/wp\/v2\/media\/2944"}],"wp:attachment":[{"href":"https:\/\/comisioncontralores.gob.mx\/2023\/wp-json\/wp\/v2\/media?parent=2943"}],"wp:term":[{"taxonomy":"category","embeddable":true,"href":"https:\/\/comisioncontralores.gob.mx\/2023\/wp-json\/wp\/v2\/categories?post=2943"},{"taxonomy":"post_tag","embeddable":true,"href":"https:\/\/comisioncontralores.gob.mx\/2023\/wp-json\/wp\/v2\/tags?post=2943"}],"curies":[{"name":"wp","href":"https:\/\/api.w.org\/{rel}","templated":true}]}}