{"id":2957,"date":"2023-09-29T13:44:58","date_gmt":"2023-09-29T20:44:58","guid":{"rendered":"http:\/\/comisioncontralores.gob.mx\/2023\/?p=2957"},"modified":"2023-10-10T13:45:18","modified_gmt":"2023-10-10T20:45:18","slug":"aguascalientes-sede-se-la-segunda-reunion-regional-de-contralores","status":"publish","type":"post","link":"https:\/\/comisioncontralores.gob.mx\/2023\/aguascalientes-sede-se-la-segunda-reunion-regional-de-contralores\/","title":{"rendered":"Aguascalientes sede se la Segunda Reuni\u00f3n Regional de Contralores"},"content":{"rendered":"<p><span class=\"ContentPasted1\">Aguascalientes, Aguascalientes<\/span>; 29 de septiembre de 2023.- Con el objetivo concreto de fortalecer las labores en t\u00e9rminos de\u00a0<span class=\"ContentPasted2\">responsabilidades administrativas y testigos sociales, las y los titulares de los \u00d3rganos Estatales de Control pertenecientes a la Regi\u00f3n Centro occidente, llevaron a cabo con \u00e9xito su Segunda Reuni\u00f3n Ordinaria en Aguascalientes, Aguascalientes.\u00a0<\/span><\/p>\n","protected":false},"excerpt":{"rendered":"<p>Aguascalientes, Aguascalientes; 29 de septiembre de 2023.- Con el objetivo concreto de fortalecer las labores en t\u00e9rminos de\u00a0responsabilidades administrativas y testigos sociales, las y los titulares de los \u00d3rganos Estatales [&hellip;]<\/p>\n","protected":false},"author":3,"featured_media":2958,"comment_status":"open","ping_status":"open","sticky":false,"template":"","format":"standard","meta":{"_acf_changed":false,"footnotes":""},"categories":[1],"tags":[],"class_list":["post-2957","post","type-post","status-publish","format-standard","has-post-thumbnail","hentry","category-uncategorized"],"acf":[],"_links":{"self":[{"href":"https:\/\/comisioncontralores.gob.mx\/2023\/wp-json\/wp\/v2\/posts\/2957","targetHints":{"allow":["GET"]}}],"collection":[{"href":"https:\/\/comisioncontralores.gob.mx\/2023\/wp-json\/wp\/v2\/posts"}],"about":[{"href":"https:\/\/comisioncontralores.gob.mx\/2023\/wp-json\/wp\/v2\/types\/post"}],"author":[{"embeddable":true,"href":"https:\/\/comisioncontralores.gob.mx\/2023\/wp-json\/wp\/v2\/users\/3"}],"replies":[{"embeddable":true,"href":"https:\/\/comisioncontralores.gob.mx\/2023\/wp-json\/wp\/v2\/comments?post=2957"}],"version-history":[{"count":1,"href":"https:\/\/comisioncontralores.gob.mx\/2023\/wp-json\/wp\/v2\/posts\/2957\/revisions"}],"predecessor-version":[{"id":2959,"href":"https:\/\/comisioncontralores.gob.mx\/2023\/wp-json\/wp\/v2\/posts\/2957\/revisions\/2959"}],"wp:featuredmedia":[{"embeddable":true,"href":"https:\/\/comisioncontralores.gob.mx\/2023\/wp-json\/wp\/v2\/media\/2958"}],"wp:attachment":[{"href":"https:\/\/comisioncontralores.gob.mx\/2023\/wp-json\/wp\/v2\/media?parent=2957"}],"wp:term":[{"taxonomy":"category","embeddable":true,"href":"https:\/\/comisioncontralores.gob.mx\/2023\/wp-json\/wp\/v2\/categories?post=2957"},{"taxonomy":"post_tag","embeddable":true,"href":"https:\/\/comisioncontralores.gob.mx\/2023\/wp-json\/wp\/v2\/tags?post=2957"}],"curies":[{"name":"wp","href":"https:\/\/api.w.org\/{rel}","templated":true}]}}