{"id":2960,"date":"2023-09-06T13:51:51","date_gmt":"2023-09-06T20:51:51","guid":{"rendered":"http:\/\/comisioncontralores.gob.mx\/2023\/?p=2960"},"modified":"2023-10-10T13:52:06","modified_gmt":"2023-10-10T20:52:06","slug":"region-centro-golfo-istmo-lleva-a-cabo-segunda-asamblea-en-pachuca-hidalgo","status":"publish","type":"post","link":"https:\/\/comisioncontralores.gob.mx\/2023\/region-centro-golfo-istmo-lleva-a-cabo-segunda-asamblea-en-pachuca-hidalgo\/","title":{"rendered":"Regi\u00f3n Centro Golfo-Istmo lleva a cabo Segunda Asamblea en Pachuca, Hidalgo"},"content":{"rendered":"<div><span class=\"ContentPasted3\" lang=\"es\">Pachuca, Hidalgo; 6 de septiembre 2023.- Como parte de las actividades de la Comisi\u00f3n Permanente de los Contralores Estados \u2013 Federaci\u00f3n, se llev\u00f3 a cabo la Segunda Asamblea Ordinaria de la Regi\u00f3n Centro Golfo \u2013 Istmo, conformado por los estados de Veracruz, Hidalgo, Puebla, Oaxaca y Tlaxcala. El titular de la Secretar\u00eda de la Contralor\u00eda \u00c1lvaro Bardales estuvo presente. \u00a0<\/span><\/div>\n<div><br class=\"ContentPasted3\" \/><span class=\"ContentPasted3\" lang=\"es\">Durante los trabajos presentaron los avances de las l\u00edneas de acci\u00f3n y proyectos del Plan Anual de Trabajo de 2023, el XVIII Concurso Nacional Transparencia en Corto, la Integraci\u00f3n y Publicaci\u00f3n en el Mural de Expresiones en la p\u00e1gina web de Contralores M\u00e9xico, la<span class=\"ContentPasted3\">\u00a0 <\/span>coordinaci\u00f3n y organizaci\u00f3n de la D\u00e9cimo Quinta Edici\u00f3n del Premio Nacional de Contralor\u00eda Social. \u00a0<\/span><br class=\"ContentPasted3\" \/><br class=\"ContentPasted3\" \/><span class=\"ContentPasted3\" lang=\"es\">Dando a conocer la Identificaci\u00f3n de los mecanismos de participaci\u00f3n ciudadana que operan actualmente los 32 \u00f3rganos estatales de control y el fortalecimiento de la coordinaci\u00f3n con la federaci\u00f3n en materia de participaci\u00f3n ciudadana.\u00a0<\/span><br class=\"ContentPasted3\" \/><br class=\"ContentPasted3\" \/><span class=\"ContentPasted3\" lang=\"es\">Cabe mencionar que la Comisi\u00f3n Permanente de Contralores Estado Federaci\u00f3n, promueve la vinculaci\u00f3n de los \u00f3rganos de control del Gobierno de M\u00e9xico y los estatales para la implementaci\u00f3n de modernos esquemas, instrumentos, mecanismos de control, verificaci\u00f3n y evaluaci\u00f3n de la gesti\u00f3n p\u00fablica.\u00a0<\/span><br class=\"ContentPasted3\" \/><br class=\"ContentPasted3\" \/><span class=\"ContentPasted3\" lang=\"es\">Para finalizar los trabajos, se cont\u00f3 con la ponencia \u00abEstrategias para el combate a la corrupci\u00f3n y la impunidad\u00bb, impartida por Santiago Nieto Castillo, encargado del Despacho del Procurador General de Justicia del Estado de Hidalgo.\u00a0<\/span><br class=\"ContentPasted3\" \/><br class=\"ContentPasted3\" \/><span class=\"ContentPasted3\" lang=\"es\">As\u00ed como la ponencia \u00abControl Interno\u00bb, impartida por Mercedes Dom\u00ednguez, Contralora General del Estado de Veracruz y Coordinadora Nacional Suplente \u201cA\u201d de la CPCE-F.\u00a0<\/span><\/div>\n","protected":false},"excerpt":{"rendered":"<p>Pachuca, Hidalgo; 6 de septiembre 2023.- Como parte de las actividades de la Comisi\u00f3n Permanente de los Contralores Estados \u2013 Federaci\u00f3n, se llev\u00f3 a cabo la Segunda Asamblea Ordinaria de [&hellip;]<\/p>\n","protected":false},"author":3,"featured_media":2961,"comment_status":"open","ping_status":"open","sticky":false,"template":"","format":"standard","meta":{"_acf_changed":false,"footnotes":""},"categories":[1],"tags":[],"class_list":["post-2960","post","type-post","status-publish","format-standard","has-post-thumbnail","hentry","category-uncategorized"],"acf":[],"_links":{"self":[{"href":"https:\/\/comisioncontralores.gob.mx\/2023\/wp-json\/wp\/v2\/posts\/2960","targetHints":{"allow":["GET"]}}],"collection":[{"href":"https:\/\/comisioncontralores.gob.mx\/2023\/wp-json\/wp\/v2\/posts"}],"about":[{"href":"https:\/\/comisioncontralores.gob.mx\/2023\/wp-json\/wp\/v2\/types\/post"}],"author":[{"embeddable":true,"href":"https:\/\/comisioncontralores.gob.mx\/2023\/wp-json\/wp\/v2\/users\/3"}],"replies":[{"embeddable":true,"href":"https:\/\/comisioncontralores.gob.mx\/2023\/wp-json\/wp\/v2\/comments?post=2960"}],"version-history":[{"count":1,"href":"https:\/\/comisioncontralores.gob.mx\/2023\/wp-json\/wp\/v2\/posts\/2960\/revisions"}],"predecessor-version":[{"id":2962,"href":"https:\/\/comisioncontralores.gob.mx\/2023\/wp-json\/wp\/v2\/posts\/2960\/revisions\/2962"}],"wp:featuredmedia":[{"embeddable":true,"href":"https:\/\/comisioncontralores.gob.mx\/2023\/wp-json\/wp\/v2\/media\/2961"}],"wp:attachment":[{"href":"https:\/\/comisioncontralores.gob.mx\/2023\/wp-json\/wp\/v2\/media?parent=2960"}],"wp:term":[{"taxonomy":"category","embeddable":true,"href":"https:\/\/comisioncontralores.gob.mx\/2023\/wp-json\/wp\/v2\/categories?post=2960"},{"taxonomy":"post_tag","embeddable":true,"href":"https:\/\/comisioncontralores.gob.mx\/2023\/wp-json\/wp\/v2\/tags?post=2960"}],"curies":[{"name":"wp","href":"https:\/\/api.w.org\/{rel}","templated":true}]}}