{"id":2993,"date":"2023-10-26T13:58:52","date_gmt":"2023-10-26T20:58:52","guid":{"rendered":"http:\/\/comisioncontralores.gob.mx\/2023\/?p=2993"},"modified":"2023-10-26T13:58:52","modified_gmt":"2023-10-26T20:58:52","slug":"se-realiza-en-chiapas-segunda-asamblea-region-sureste-de-la-comision-de-contralores","status":"publish","type":"post","link":"https:\/\/comisioncontralores.gob.mx\/2023\/se-realiza-en-chiapas-segunda-asamblea-region-sureste-de-la-comision-de-contralores\/","title":{"rendered":"Se realiza en Chiapas Segunda Asamblea Regi\u00f3n Sureste de la Comisi\u00f3n de Contralores"},"content":{"rendered":"<p><strong>San Crist\u00f3bal de Las Casas, Chiapas.-\u00a0<\/strong>La Secretar\u00eda de la Honestidad y Funci\u00f3n P\u00fablica (SHyFP), fue anfitriona de la Segunda Asamblea Ordinaria 2023 de la Regi\u00f3n Sureste de la Comisi\u00f3n Permanente de Contralores Estado-Federaci\u00f3n, donde se dieron citas las y los responsables del control interno de los estados de Campeche, Tabasco, Quintana Roo y Yucat\u00e1n.<\/p>\n<p>El objetivo de la reuni\u00f3n es registrar los avances en el fortalecimiento de la fiscalizaci\u00f3n y vigilancia en la planeaci\u00f3n de los recursos fiscalizables, as\u00ed como en la planeaci\u00f3n de auditor\u00edas.<\/p>\n<p>Teniendo como sede la ciudad de San Crist\u00f3bal de Las Casas, Liliana Angell Gonz\u00e1lez, titular de la SHyFP, dio la bienvenida a cada uno de las y los asistentes, para posteriormente, en su mensaje, destacar el trabajo que han efectuado en conjunto, as\u00ed como los resultados obtenidos.<\/p>\n<p>\u201cSin duda alguna hemos logrado avances importantes en nuestras labores de fiscalizaci\u00f3n, los cuales se han visto impactados en los procesos de auditor\u00eda, en la evaluaci\u00f3n del control interno, en la recepci\u00f3n y an\u00e1lisis de las declaraciones patrimoniales, as\u00ed como en el establecimiento de los comit\u00e9s de \u00e9tica y conflictos de intereses, entre otros\u201d, expreso.<\/p>\n<p>Posteriormente, dijo que los avances que estar\u00e1n presentando cada uno de los titulares de los estados de Campeche, Tabasco, Quintana Roo y Yucat\u00e1n, ser\u00e1n compartidos con el resto de los integrantes de la Comisi\u00f3n Permanente de Contralores en la reuni\u00f3n nacional, a realizarse en el mes de noviembre, con la finalidad de dar a conocer los resultados de cada l\u00ednea de acci\u00f3n, pero, sobre todo, que estas l\u00edneas se apliquen en los procesos de fiscalizaci\u00f3n.<\/p>\n<p>Para dar inicio a la jornada de actividades, la secretaria general de Gobierno, Cecilia Flores P\u00e9rez, en representaci\u00f3n del gobernador Rutilio Escand\u00f3n Cadenas, deseo el mayor de los \u00e9xitos a las y los asistentes, adem\u00e1s de reconocer la importante labor que se hace desde cada una de sus entidades.<\/p>\n<p>Flores P\u00e9rez record\u00f3 que desde esta nueva forma de gobierno, impulsada por el presidente de la Rep\u00fablica, Andr\u00e9s Manuel L\u00f3pez Obrador, se trabaja en el combate a la corrupci\u00f3n, una de las mayores problem\u00e1ticas que por a\u00f1os ha retrasado el desarrollo de las comunidades, por ello, la importancia de la labor en la Comisi\u00f3n Permanente de Contralores Estado-Federaci\u00f3n.<\/p>\n<p>En su participaci\u00f3n, Omar Gonz\u00e1lez Vera, jefe de la Unidad de Auditor\u00eda Gubernamental de la Secretar\u00eda de la Funci\u00f3n P\u00fablica, reconoci\u00f3 los avances de los proyectos de la regi\u00f3n, adem\u00e1s de exhortar a seguir trabajando con el mismo compromiso y \u00e9tica.<\/p>\n<p>\u201cLa fiscalizaci\u00f3n tiene como prop\u00f3sito verificar el cumplimiento de disposiciones, ir a lo legal. La l\u00ednea de trabajo debe ser preventiva, as\u00ed como estar al pendiente de la ejecuci\u00f3n correcta del gasto. Nos deben de ver como aliados para que se cumplan los prop\u00f3sitos de un gobierno, caminar juntos. Nosotros como contralor\u00edas y como ejecutivos de los \u00f3rdenes municipales, estatales y federal tenemos esta labor; y esta regi\u00f3n tiene proyectos que van encaminados a la planeaci\u00f3n, a la ejecuci\u00f3n, pero debemos tener muy clara la parte preventiva, de cuidar que todos los procesos que se lleven a cabo sean de acuerdo con las disposiciones\u201d, extern\u00f3.<\/p>\n<p>Mientras que, en representaci\u00f3n de Juan Jos\u00e9 Serrano Mendoza, coordinador nacional y titular de la OEC de la Ciudad de M\u00e9xico, Mercedes Santoyo Dom\u00ednguez, titular del OEC de Veracruz y coordinadora nacional suplente \u201cA\u201d, comparti\u00f3 en su mensaje que \u201cestos momentos tambi\u00e9n permiten reflexionar sobre los desaf\u00edos y oportunidades que tenemos los \u00f3rganos estatales de control interno en el \u00e1mbito de la fiscalizaci\u00f3n, de las responsabilidades, pero en este caso, en las l\u00edneas estrat\u00e9gicas. Eso nos ha permitido compartir sobre las \u00e1reas de oportunidad que hay y que contemplaremos\u201d.<\/p>\n<p>Posteriormente se llev\u00f3 a cabo la participaci\u00f3n de la conferencista Lusbey M\u00e9ndez S\u00e1ntiz, con la ponencia \u201cSistema Normativo Comunitario con Perspectiva de G\u00e9nero\u201d, en la que comparti\u00f3 su experiencia, as\u00ed como los retos a los que se enfrentan como mujeres en las comunidades y la forma en que se rigen.<\/p>\n<p>Al concluir su participaci\u00f3n, se llev\u00f3 a cabo una sesi\u00f3n de retroalimentaci\u00f3n con las y los contralores de las diferentes entidades.<\/p>\n<p>Cabe destacar que a esta asamblea asisti\u00f3 Guillermo Noriega Esparza, contralor de Sonora, quien present\u00f3 los avances de vocer\u00eda, con la finalidad de dar a conocer los trabajos que realizan las contralor\u00edas del pa\u00eds. Tambi\u00e9n asisti\u00f3 Cristina Buend\u00eda Soto, titular del OEC de Baja California Sur, en su calidad de coordinadora nacional suplente \u201cB\u201d, quien reconoci\u00f3 la importante labor realizada por las contralor\u00edas locales en la administraci\u00f3n p\u00fablica.<\/p>\n<p>En la mesa de trabajo, las y los asistentes presentaron los avances o adelantos de sus diferentes proyectos, los cuales fueron aprobados por unanimidad y los resultados finales ser\u00e1n presentados en la Reuni\u00f3n Nacional, pr\u00f3xima a celebrarse.<\/p>\n","protected":false},"excerpt":{"rendered":"<p>San Crist\u00f3bal de Las Casas, Chiapas.-\u00a0La Secretar\u00eda de la Honestidad y Funci\u00f3n P\u00fablica (SHyFP), fue anfitriona de la Segunda Asamblea Ordinaria 2023 de la Regi\u00f3n Sureste de la Comisi\u00f3n Permanente [&hellip;]<\/p>\n","protected":false},"author":3,"featured_media":2994,"comment_status":"open","ping_status":"open","sticky":false,"template":"","format":"standard","meta":{"_acf_changed":false,"footnotes":""},"categories":[1],"tags":[],"class_list":["post-2993","post","type-post","status-publish","format-standard","has-post-thumbnail","hentry","category-uncategorized"],"acf":[],"_links":{"self":[{"href":"https:\/\/comisioncontralores.gob.mx\/2023\/wp-json\/wp\/v2\/posts\/2993","targetHints":{"allow":["GET"]}}],"collection":[{"href":"https:\/\/comisioncontralores.gob.mx\/2023\/wp-json\/wp\/v2\/posts"}],"about":[{"href":"https:\/\/comisioncontralores.gob.mx\/2023\/wp-json\/wp\/v2\/types\/post"}],"author":[{"embeddable":true,"href":"https:\/\/comisioncontralores.gob.mx\/2023\/wp-json\/wp\/v2\/users\/3"}],"replies":[{"embeddable":true,"href":"https:\/\/comisioncontralores.gob.mx\/2023\/wp-json\/wp\/v2\/comments?post=2993"}],"version-history":[{"count":1,"href":"https:\/\/comisioncontralores.gob.mx\/2023\/wp-json\/wp\/v2\/posts\/2993\/revisions"}],"predecessor-version":[{"id":2995,"href":"https:\/\/comisioncontralores.gob.mx\/2023\/wp-json\/wp\/v2\/posts\/2993\/revisions\/2995"}],"wp:featuredmedia":[{"embeddable":true,"href":"https:\/\/comisioncontralores.gob.mx\/2023\/wp-json\/wp\/v2\/media\/2994"}],"wp:attachment":[{"href":"https:\/\/comisioncontralores.gob.mx\/2023\/wp-json\/wp\/v2\/media?parent=2993"}],"wp:term":[{"taxonomy":"category","embeddable":true,"href":"https:\/\/comisioncontralores.gob.mx\/2023\/wp-json\/wp\/v2\/categories?post=2993"},{"taxonomy":"post_tag","embeddable":true,"href":"https:\/\/comisioncontralores.gob.mx\/2023\/wp-json\/wp\/v2\/tags?post=2993"}],"curies":[{"name":"wp","href":"https:\/\/api.w.org\/{rel}","templated":true}]}}