{"id":3039,"date":"2023-11-16T19:50:07","date_gmt":"2023-11-17T02:50:07","guid":{"rendered":"http:\/\/comisioncontralores.gob.mx\/2023\/?p=3039"},"modified":"2023-11-16T19:50:12","modified_gmt":"2023-11-17T02:50:12","slug":"inicia-en-sonora-la-lxxi-reunion-nacional-de-contralores-de-mexico","status":"publish","type":"post","link":"https:\/\/comisioncontralores.gob.mx\/2023\/inicia-en-sonora-la-lxxi-reunion-nacional-de-contralores-de-mexico\/","title":{"rendered":"Inicia en Sonora la LXXI Reuni\u00f3n Nacional de contralores de M\u00e9xico"},"content":{"rendered":"<div class=\"small\">Inicia en Sonora la LXXI Reuni\u00f3n Nacional de contralores de M\u00e9xico<\/div>\n<div class=\"article-body\">\n<ul>\n<li>Durante tres d\u00edas se dar\u00e1 cuenta de los avances en el fortalecimiento del sistema de control interno, el impulso a la fiscalizaci\u00f3n, la mejora de la gesti\u00f3n p\u00fablica y la ciudadanizaci\u00f3n del combate a la corrupci\u00f3n y a la impunidad.<\/li>\n<li>Se impartir\u00e1n tres conferencias con temas como el uso de la inteligencia artificial para mejorar la gesti\u00f3n p\u00fablica, los resultados de la ASF y el \u00edndice del Estado de Derecho.<\/li>\n<li>Se entregan el XV Premio Nacional de Contralor\u00eda Social y el XVIII Concurso Nacional de Transparencia en Corto.<\/li>\n<\/ul>\n<p>Esta tarde se inaugur\u00f3 la LXXI Reuni\u00f3n Nacional de la Comisi\u00f3n Permanente de Contralores Estados-Federaci\u00f3n (CPCE-F), en la que se dar\u00e1 cuenta de los avances en el fortalecimiento del sistema de control interno, el impulso de la fiscalizaci\u00f3n, la mejora de la gesti\u00f3n p\u00fablica y la ciudadanizaci\u00f3n del combate a la corrupci\u00f3n y a la impunidad.<\/p>\n<p>En su participaci\u00f3n, el secretario de la Funci\u00f3n P\u00fablica y presidente de la CPCE-F, Roberto Salcedo Aquino, expres\u00f3 ante las y los titulares de las contralor\u00edas de todas las entidades de la Rep\u00fablica que \u201clos logros de una organizaci\u00f3n son resultado del esfuerzo combinado de cada uno de sus integrantes. Para cumplir la misi\u00f3n encomendada, la teor\u00eda pol\u00edtica aplicada a la gesti\u00f3n p\u00fablica propone la mejora continua de la eficacia gubernamental, la probidad en la administraci\u00f3n de los recursos que son de todos y la previdencia, la virtud de saber la consecuencia de nuestros actos\u201d.<\/p>\n<p>\u201cEn la medida que practiquemos estos tres axiomas y difundamos en nuestras instituciones, m\u00e1s cerca estaremos en la posibilidad de consolidar una administraci\u00f3n p\u00fablica eficaz y honesta\u201d, afirm\u00f3.<\/p>\n<p>Por su parte, el gobernador de Sonora, Alfonso Durazo Monta\u00f1o, consider\u00f3 que \u00abel horizonte es claro, seguir trabajando hombro con hombro para impulsar gobiernos competentes, austeros, honestos y transparentes.\u00a0 Eso implica promover una mejora constante en las operaciones, fortalecer el control interno, impulsar la fiscalizaci\u00f3n, fomentar la innovaci\u00f3n y sobre todo simplificar la\u00a0administraci\u00f3n\u00bb.<\/p>\n<p>A su vez, el secretario de la Contralor\u00eda General de la Ciudad de M\u00e9xico y coordinador nacional de la CPCE-F, Juan Jos\u00e9 Serrano Mendoza, expuso que \u201cla presente reuni\u00f3n muestra el compromiso de las y los integrantes de la comisi\u00f3n por colaborar e impulsar acciones permanentes de trabajo en torno a los proyectos y actividades programadas a inicio de a\u00f1o\u201d.<\/p>\n<p>En su mensaje de bienvenida, el secretario de la Contralor\u00eda General del Estado de Sonora y vocero de la CPCE-F, Guillermo Alejandro Noriega Esparza, mencion\u00f3 que \u201cesta reuni\u00f3n tiene el prop\u00f3sito de intercambiar experiencias, los avances alcanzados en cada una de las regiones, as\u00ed como de la buenas pr\u00e1cticas que se han instrumentado para fortalecer la prevenci\u00f3n, el control interno y reforzar el combate de la corrupci\u00f3n, as\u00ed como continuar fomentando la capacitaci\u00f3n del personal que colabora en cada una de las contralor\u00edas. Por esa raz\u00f3n, en esta reuni\u00f3n se har\u00e1 \u00e9nfasis el trabajo, modernizaci\u00f3n y nuevas tecnolog\u00edas\u201d.<\/p>\n<p>Asimismo, durante el acto se realiz\u00f3 la entrega del XV Premio Nacional de Contralor\u00eda Social y del XVIII Concurso Nacional de Transparencia en Corto.<\/p>\n<p>La reuni\u00f3n nacional concluir\u00e1 el pr\u00f3ximo 17 de noviembre, y entre las actividades que se realizar\u00e1n se encuentran una exposici\u00f3n que abordar\u00e1 el tema de las denuncias por hechos de corrupci\u00f3n; tres conferencias donde tratar\u00e1n los temas del uso de la inteligencia artificial para mejorar la gesti\u00f3n p\u00fablica, la presentaci\u00f3n de la segunda entrega de resultados de la Auditor\u00eda Superior de la Federaci\u00f3n y el \u00edndice del Estado de Derecho.<\/p>\n<p>Adem\u00e1s de dos ponencias, una sobre la experiencia de la transferencia del IMSS Bienestar y otra sobre responsabilidades administrativas, y se presentar\u00e1n los informes de actividades de las seis regiones en que est\u00e1n organizados los contralores del pa\u00eds.<\/p>\n<p>En la inauguraci\u00f3n de la LXXI Reuni\u00f3n Nacional de la CPCE-F tambi\u00e9n participaron el auditor Superior de la Federaci\u00f3n, David Rogelio Colmenares P\u00e1ramo, y el consejero delegado de la Asociaci\u00f3n Nacional de Auditores, Contralores y Tesoreros Estatales de Estados Unidos (NASACT), Kinney Poynter.<\/p>\n<\/div>\n","protected":false},"excerpt":{"rendered":"<p>Inicia en Sonora la LXXI Reuni\u00f3n Nacional de contralores de M\u00e9xico Durante tres d\u00edas se dar\u00e1 cuenta de los avances en el fortalecimiento del sistema de control interno, el impulso [&hellip;]<\/p>\n","protected":false},"author":3,"featured_media":3040,"comment_status":"open","ping_status":"open","sticky":false,"template":"","format":"standard","meta":{"_acf_changed":false,"footnotes":""},"categories":[1],"tags":[],"class_list":["post-3039","post","type-post","status-publish","format-standard","has-post-thumbnail","hentry","category-uncategorized"],"acf":[],"_links":{"self":[{"href":"https:\/\/comisioncontralores.gob.mx\/2023\/wp-json\/wp\/v2\/posts\/3039","targetHints":{"allow":["GET"]}}],"collection":[{"href":"https:\/\/comisioncontralores.gob.mx\/2023\/wp-json\/wp\/v2\/posts"}],"about":[{"href":"https:\/\/comisioncontralores.gob.mx\/2023\/wp-json\/wp\/v2\/types\/post"}],"author":[{"embeddable":true,"href":"https:\/\/comisioncontralores.gob.mx\/2023\/wp-json\/wp\/v2\/users\/3"}],"replies":[{"embeddable":true,"href":"https:\/\/comisioncontralores.gob.mx\/2023\/wp-json\/wp\/v2\/comments?post=3039"}],"version-history":[{"count":1,"href":"https:\/\/comisioncontralores.gob.mx\/2023\/wp-json\/wp\/v2\/posts\/3039\/revisions"}],"predecessor-version":[{"id":3041,"href":"https:\/\/comisioncontralores.gob.mx\/2023\/wp-json\/wp\/v2\/posts\/3039\/revisions\/3041"}],"wp:featuredmedia":[{"embeddable":true,"href":"https:\/\/comisioncontralores.gob.mx\/2023\/wp-json\/wp\/v2\/media\/3040"}],"wp:attachment":[{"href":"https:\/\/comisioncontralores.gob.mx\/2023\/wp-json\/wp\/v2\/media?parent=3039"}],"wp:term":[{"taxonomy":"category","embeddable":true,"href":"https:\/\/comisioncontralores.gob.mx\/2023\/wp-json\/wp\/v2\/categories?post=3039"},{"taxonomy":"post_tag","embeddable":true,"href":"https:\/\/comisioncontralores.gob.mx\/2023\/wp-json\/wp\/v2\/tags?post=3039"}],"curies":[{"name":"wp","href":"https:\/\/api.w.org\/{rel}","templated":true}]}}