{"id":3292,"date":"2024-01-31T17:40:06","date_gmt":"2024-02-01T00:40:06","guid":{"rendered":"http:\/\/comisioncontralores.gob.mx\/2023\/?p=3292"},"modified":"2024-01-31T17:40:06","modified_gmt":"2024-02-01T00:40:06","slug":"primera-asamblea-plenaria-2024-de-la-comision-promete-un-ano-lleno-de-trabajo-para-la-ciudadania","status":"publish","type":"post","link":"https:\/\/comisioncontralores.gob.mx\/2023\/primera-asamblea-plenaria-2024-de-la-comision-promete-un-ano-lleno-de-trabajo-para-la-ciudadania\/","title":{"rendered":"Primera Asamblea Plenaria 2024 de la Comisi\u00f3n promete un a\u00f1o lleno de trabajo para la ciudadan\u00eda"},"content":{"rendered":"<p dir=\"auto\">Ciudad de M\u00e9xico, 26 de enero de 2024<\/p>\n<p class=\"_ap3a _aaco _aacu _aacx _aad7 _aade\" dir=\"auto\">Se llev\u00f3 a cabo con \u00e9xito la Primera Asamblea Plenaria 2024 de la Comisi\u00f3n Permanente de Contralores Estado-Federaci\u00f3n con la participaci\u00f3n las contralor\u00edas del pa\u00eds.<\/p>\n<p>El titular de la Secretar\u00eda de Funci\u00f3n P\u00fablica, el Lic. Roberto Salcedo, tom\u00f3 protesta a la nueva Coordinaci\u00f3n Nacional, quienes conducir\u00e1n los trabajos en el a\u00f1o 2024.<\/p>\n<p>La Coordinaci\u00f3n Nacional qued\u00f3 conformada por:<\/p>\n<p>Coordinaci\u00f3n Nacional &#8211; Rosa Cristina Buendia Soto, Contralora General del Estado de Baja California Sur<br \/>\nSuplente A &#8211; Mar\u00eda Eugenia Enr\u00edquez Reyes, Secretaria de la Contralor\u00eda del Gobierno del Estado de Campeche<br \/>\nSuplente B &#8211; Guillermo Alejandro Noriega Esparza, Secretario de la Contralor\u00eda General del Estado de Sonora<br \/>\nComisar\u00eda &#8211; Mar\u00eda Teresa Herrera Tello, Contralora General de la Contralor\u00eda y Trasnparencia Gubernamental del Estado de Nuevo Le\u00f3n<br \/>\nVocer\u00eda &#8211; Juan Jos\u00e9 Serrano Mendoza, Secretario de la Contralor\u00eda General de la Ciudad de M\u00e9xico<\/p>\n<p>Las seis Coordinaciones Regionales quedaron representadas por Baja California, Durango, Colima, Hidalgo, Quer\u00e9taro y Quintana Roo.<\/p>\n<p>Las Contralor\u00edas del pa\u00eds, a trav\u00e9s de la Comisi\u00f3n Permanente de Contralores Estado-Federaci\u00f3n, trabajan de manera constante por la optimizaci\u00f3n de la funci\u00f3n p\u00fablica.<\/p>\n","protected":false},"excerpt":{"rendered":"<p>Ciudad de M\u00e9xico, 26 de enero de 2024 Se llev\u00f3 a cabo con \u00e9xito la Primera Asamblea Plenaria 2024 de la Comisi\u00f3n Permanente de Contralores Estado-Federaci\u00f3n con la participaci\u00f3n las [&hellip;]<\/p>\n","protected":false},"author":3,"featured_media":3293,"comment_status":"open","ping_status":"open","sticky":false,"template":"","format":"standard","meta":{"_acf_changed":false,"footnotes":""},"categories":[1],"tags":[],"class_list":["post-3292","post","type-post","status-publish","format-standard","has-post-thumbnail","hentry","category-uncategorized"],"acf":[],"_links":{"self":[{"href":"https:\/\/comisioncontralores.gob.mx\/2023\/wp-json\/wp\/v2\/posts\/3292","targetHints":{"allow":["GET"]}}],"collection":[{"href":"https:\/\/comisioncontralores.gob.mx\/2023\/wp-json\/wp\/v2\/posts"}],"about":[{"href":"https:\/\/comisioncontralores.gob.mx\/2023\/wp-json\/wp\/v2\/types\/post"}],"author":[{"embeddable":true,"href":"https:\/\/comisioncontralores.gob.mx\/2023\/wp-json\/wp\/v2\/users\/3"}],"replies":[{"embeddable":true,"href":"https:\/\/comisioncontralores.gob.mx\/2023\/wp-json\/wp\/v2\/comments?post=3292"}],"version-history":[{"count":1,"href":"https:\/\/comisioncontralores.gob.mx\/2023\/wp-json\/wp\/v2\/posts\/3292\/revisions"}],"predecessor-version":[{"id":3294,"href":"https:\/\/comisioncontralores.gob.mx\/2023\/wp-json\/wp\/v2\/posts\/3292\/revisions\/3294"}],"wp:featuredmedia":[{"embeddable":true,"href":"https:\/\/comisioncontralores.gob.mx\/2023\/wp-json\/wp\/v2\/media\/3293"}],"wp:attachment":[{"href":"https:\/\/comisioncontralores.gob.mx\/2023\/wp-json\/wp\/v2\/media?parent=3292"}],"wp:term":[{"taxonomy":"category","embeddable":true,"href":"https:\/\/comisioncontralores.gob.mx\/2023\/wp-json\/wp\/v2\/categories?post=3292"},{"taxonomy":"post_tag","embeddable":true,"href":"https:\/\/comisioncontralores.gob.mx\/2023\/wp-json\/wp\/v2\/tags?post=3292"}],"curies":[{"name":"wp","href":"https:\/\/api.w.org\/{rel}","templated":true}]}}