{"id":3582,"date":"2024-07-03T21:40:03","date_gmt":"2024-07-04T04:40:03","guid":{"rendered":"https:\/\/comisioncontralores.gob.mx\/2023\/?p=3582"},"modified":"2024-07-04T18:29:53","modified_gmt":"2024-07-05T01:29:53","slug":"con-el-proposito-de-avanzar-en-la-mejora-de-la-gestion-publica-se-inaugura-en-baja-california-sur-la-lxxii-reunion-nacional-de-contralorias","status":"publish","type":"post","link":"https:\/\/comisioncontralores.gob.mx\/2023\/con-el-proposito-de-avanzar-en-la-mejora-de-la-gestion-publica-se-inaugura-en-baja-california-sur-la-lxxii-reunion-nacional-de-contralorias\/","title":{"rendered":"Con el prop\u00f3sito de avanzar en la mejora de la gesti\u00f3n p\u00fablica, se inaugura en Baja California Sur la LXXII Reuni\u00f3n Nacional de contralor\u00edas"},"content":{"rendered":"<p><strong>COMUNICADO CONJUNTO SFP-CPCE-F<\/strong><br \/>\nLa Paz, Baja California Sur, a 3 de julio de 2024<\/p>\n<p>Con el prop\u00f3sito de avanzar en la mejora de la gesti\u00f3n p\u00fablica, se inaugura en Baja California Sur la LXXII Reuni\u00f3n Nacional de contralor\u00edas<\/p>\n<p>Las y los contralores del pa\u00eds abordar\u00e1n los avances en materia de fiscalizaci\u00f3n, los apoyos internacionales para el combate a la corrupci\u00f3n, y buenas pr\u00e1cticas en los procesos de investigaci\u00f3n, entre otros temas.<\/p>\n<p>La Reuni\u00f3n Nacional, que concluir\u00e1 el 5 de julio, incluye 12 conferencias, dos mesas de an\u00e1lisis, presentaci\u00f3n de libros, as\u00ed como avances y proyectos de las contralor\u00edas estatales.<br \/>\nParticipar\u00e1n representantes de la ASF, la ONU, el IMSS, la Oficina de World Justice Project en M\u00e9xico y la Asociaci\u00f3n de Auditores, Contralores y Tesoreros de los Estados de Estados Unidos.<\/p>\n<p>Esta tarde se inaugur\u00f3 en La Paz, Baja California Sur, la LXXII Reuni\u00f3n Nacional de la Comisi\u00f3n Permanente de Contralores Estados-Federaci\u00f3n (CPCE-F), con el prop\u00f3sito de abordar los avances en materia de fiscalizaci\u00f3n y la mejora de la gesti\u00f3n p\u00fablica mediante el control interno en los gobiernos federal y estatales.<\/p>\n<p>En su participaci\u00f3n, el Secretario de la Funci\u00f3n P\u00fablica y Presidente de la CPCE-F, Roberto Salcedo Aquino, afirm\u00f3 que \u201cel discernimiento entre lo principal y lo accesorio es fundamental en nuestro trabajo de control; tenemos que atender que el ejercicio del gasto p\u00fablico se realice con eficacia y probidad\u201d.<\/p>\n<p>Durante la apertura, la Contralora General del estado de Baja California Sur y Coordinadora Nacional de la CPCE-F, Rosa Cristina Buend\u00eda Soto, expres\u00f3 que \u201cel ejercicio honesto y transparente de los recursos p\u00fablicos y el combate a la corrupci\u00f3n, no son s\u00f3lo reclamos de una sociedad participativa que demanda poner fin a la opacidad y a la impunidad, sino una ordenanza Constitucional que obliga a los organismos p\u00fablicos y privados apegarse a su mandato.\u00bb<\/p>\n<p>A su vez, la Secretaria de Finanzas y Administraci\u00f3n del gobierno del estado de Baja California, Bertha Monta\u00f1o Cota, en representaci\u00f3n del Gobernador del estado de Baja California Sur, V\u00edctor Manuel Castro Cos\u00edo, dijo que \u201ces compromiso de todos echar nuevas ra\u00edces basadas en una nueva cultura del servicio p\u00fablico, con un s\u00f3lido sistema jur\u00eddico, normas y procedimientos claros.\u00bb<\/p>\n<p>En la inauguraci\u00f3n tambi\u00e9n participaron el Auditor Superior de la Federaci\u00f3n, David Rogelio Colmenares P\u00e1ramo, y el Contralor del estado de Idaho y primer Vicepresidente de la Asociaci\u00f3n Nacional de Auditores, Contralores y Tesoreros Estatales de Estados Unidos (NASACT), Brandon Woolf.<\/p>\n<p>La Reuni\u00f3n Nacional de tres d\u00edas concluir\u00e1 el pr\u00f3ximo 5 de julio. Las actividades incluyen conferencias que tratar\u00e1n las estrategias para el combate a la corrupci\u00f3n, la entrega-recepci\u00f3n en la Administraci\u00f3n P\u00fablica Federal, la confianza en los gobiernos estatales, el \u00edndice del Estado de Derecho en M\u00e9xico, avances en los resultados de la fiscalizaci\u00f3n 2023.<\/p>\n<p>Otros de los temas que se abordar\u00e1n son los organismos y fondos internacionales que apoyan el combate a la corrupci\u00f3n y la reforma a la Ley General de Responsabilidades Administrativas. Asimismo, se llevar\u00e1 a cabo la suscripci\u00f3n de un programa de vinculaci\u00f3n con la sociedad entre la SFP y los \u00d3rganos Estatales de Control, y del Acuerdo de colaboraci\u00f3n entre la CPCE-F y la Asociaci\u00f3n Mexicana de Magistrados y Magistradas de los Tribunales de Justicia Administrativa.<\/p>\n<p>Tambi\u00e9n se presentar\u00e1n dos libros editados por la SFP, Voces sobre la corrupci\u00f3n: conceptos y miradas; y La Funci\u00f3n P\u00fablica en la voz de sus titulares, y la Bit\u00e1cora de N\u00f3mina (BINO), y habr\u00e1 dos mesas-panel en las que se analizar\u00e1 el papel de las contralor\u00edas estatales y \u00f3rganos internos de control y las buenas pr\u00e1cticas en los procesos de investigaci\u00f3n y substanciaci\u00f3n.<\/p>\n<p>Durante la LXXII Reuni\u00f3n Nacional de contralor\u00edas se dar\u00e1n a conocer los proyectos de las coordinaciones regionales del Programa Anual de Trabajo 2024.<\/p>\n","protected":false},"excerpt":{"rendered":"<p>COMUNICADO CONJUNTO SFP-CPCE-F La Paz, Baja California Sur, a 3 de julio de 2024 Con el prop\u00f3sito de avanzar en la mejora de la gesti\u00f3n p\u00fablica, se inaugura en Baja [&hellip;]<\/p>\n","protected":false},"author":3,"featured_media":3592,"comment_status":"open","ping_status":"open","sticky":false,"template":"","format":"standard","meta":{"_acf_changed":false,"footnotes":""},"categories":[1],"tags":[],"class_list":["post-3582","post","type-post","status-publish","format-standard","has-post-thumbnail","hentry","category-uncategorized"],"acf":[],"_links":{"self":[{"href":"https:\/\/comisioncontralores.gob.mx\/2023\/wp-json\/wp\/v2\/posts\/3582","targetHints":{"allow":["GET"]}}],"collection":[{"href":"https:\/\/comisioncontralores.gob.mx\/2023\/wp-json\/wp\/v2\/posts"}],"about":[{"href":"https:\/\/comisioncontralores.gob.mx\/2023\/wp-json\/wp\/v2\/types\/post"}],"author":[{"embeddable":true,"href":"https:\/\/comisioncontralores.gob.mx\/2023\/wp-json\/wp\/v2\/users\/3"}],"replies":[{"embeddable":true,"href":"https:\/\/comisioncontralores.gob.mx\/2023\/wp-json\/wp\/v2\/comments?post=3582"}],"version-history":[{"count":4,"href":"https:\/\/comisioncontralores.gob.mx\/2023\/wp-json\/wp\/v2\/posts\/3582\/revisions"}],"predecessor-version":[{"id":3590,"href":"https:\/\/comisioncontralores.gob.mx\/2023\/wp-json\/wp\/v2\/posts\/3582\/revisions\/3590"}],"wp:featuredmedia":[{"embeddable":true,"href":"https:\/\/comisioncontralores.gob.mx\/2023\/wp-json\/wp\/v2\/media\/3592"}],"wp:attachment":[{"href":"https:\/\/comisioncontralores.gob.mx\/2023\/wp-json\/wp\/v2\/media?parent=3582"}],"wp:term":[{"taxonomy":"category","embeddable":true,"href":"https:\/\/comisioncontralores.gob.mx\/2023\/wp-json\/wp\/v2\/categories?post=3582"},{"taxonomy":"post_tag","embeddable":true,"href":"https:\/\/comisioncontralores.gob.mx\/2023\/wp-json\/wp\/v2\/tags?post=3582"}],"curies":[{"name":"wp","href":"https:\/\/api.w.org\/{rel}","templated":true}]}}