{"id":3761,"date":"2024-09-26T10:34:33","date_gmt":"2024-09-26T17:34:33","guid":{"rendered":"https:\/\/comisioncontralores.gob.mx\/2023\/?p=3761"},"modified":"2024-09-26T10:34:33","modified_gmt":"2024-09-26T17:34:33","slug":"convocatoria-para-eleccion-de-coordinador-a-nacional-2024","status":"publish","type":"post","link":"https:\/\/comisioncontralores.gob.mx\/2023\/convocatoria-para-eleccion-de-coordinador-a-nacional-2024\/","title":{"rendered":"Convocatoria para elecci\u00f3n de Coordinador (a) Nacional 2024"},"content":{"rendered":"<p style=\"text-align: right;\">25 de septiembre de 2024<\/p>\n<p><strong>Titulares de los \u00d3rganos Estatales de Control e\u00a0 <\/strong><strong>Integrantes de la Comisi\u00f3n Permanente de\u00a0 <\/strong><strong>Contralores Estados-Federaci\u00f3n<\/strong><\/p>\n<p>Presente<\/p>\n<p>Con fundamento en los numerales 16 y 36 de los Lineamientos Generales de la Comisi\u00f3n Permanente de Contralores Estados-Federaci\u00f3n, se hace de su conocimiento que por medio del presente se emite la Convocatoria para participar en el proceso de elecci\u00f3n al cargo de Coordinador (a) Nacional de la Comisi\u00f3n Permanente de Contralores Estados-Federaci\u00f3n, para el periodo de enero a diciembre 2025.<\/p>\n<p>&nbsp;<\/p>\n<p>En este sentido, las y los integrantes de la Comisi\u00f3n Permanente interesados en participar en este proceso, deber\u00e1n presentar su candidatura por escrito ante esta Coordinaci\u00f3n Nacional, remitiendo copia al Asesor T\u00e9cnico Nacional a m\u00e1s tardar 10 d\u00edas naturales previos a la celebraci\u00f3n de la \u00faltima Asamblea Plenaria del 2024, acompa\u00f1ado de los documentos que acrediten el cumplimiento de los requisitos establecidos por el numeral 35 de los Lineamientos Generales, mismo que se\u00f1ala lo siguiente:<\/p>\n<p>\u00ab<strong>35.<\/strong> <em>Son requisitos para los aspirantes al cargo de Coordinador Nacional:<\/em><\/p>\n<p><em>\u00a0<\/em><\/p>\n<p><em>I. Haber desempe\u00f1ado el cargo de Coordinador Nacional Suplente A o B, o Coordinador Regional Propietario o Suplente.<\/em><\/p>\n<p><em>\u00a0<\/em><\/p>\n<p><em>II. La candidatura deber\u00e1 estar apoyada por lo menos por seis \u00d3rganos de Control;<\/em><\/p>\n<p><em>\u00a0<\/em><\/p>\n<p><em>III. Que la administraci\u00f3n del Ejecutivo de la Entidad Federativa de adscripci\u00f3n no concluya antes de un a\u00f1o contado a partir de su designaci\u00f3n.<\/em><\/p>\n<p><em>\u00a0<\/em><\/p>\n<p>En virtud de lo anterior y con la finalidad de contar con las condiciones que permitan integrar las correspondientes postulaciones ante la Comisi\u00f3n Electoral en el marco de la LXXIII Reuni\u00f3n Nacional de la Comisi\u00f3n Permanente de Contralores Estados-Federaci\u00f3n, a celebrarse los d\u00edas 13, 14 y 15 de noviembre de 2024, en Puebla, Puebla las y los interesados deber\u00e1n remitir la informaci\u00f3n a los correos electr\u00f3nicos: <a href=\"mailto:cpcef@bcs.gob.mx\">cpcef@bcs.gob.mx<\/a> y <a href=\"mailto:maguirre@bcs.gob.mx\">maguirre@bcs.gob.mx<\/a>.<\/p>\n<p>&nbsp;<\/p>\n<p>Agradeciendo de antemano la atenci\u00f3n al presente, hago propicia la ocasi\u00f3n para enviarles un cordial saludo.<\/p>\n<p><strong>\u00a0<\/strong><\/p>\n<p>A t e n t a m e n t e<\/p>\n<p>&nbsp;<\/p>\n<p>Rosa Cristina Buendia Soto<\/p>\n<p><strong>Contralora General del Gobierno del Estado<\/strong><\/p>\n<p><strong>de Baja California Sur y Coordinadora Nacional de la CPCE-F.<\/strong><\/p>\n","protected":false},"excerpt":{"rendered":"<p>25 de septiembre de 2024 Titulares de los \u00d3rganos Estatales de Control e\u00a0 Integrantes de la Comisi\u00f3n Permanente de\u00a0 Contralores Estados-Federaci\u00f3n Presente Con fundamento en los numerales 16 y 36 [&hellip;]<\/p>\n","protected":false},"author":3,"featured_media":3766,"comment_status":"open","ping_status":"open","sticky":false,"template":"","format":"standard","meta":{"_acf_changed":false,"footnotes":""},"categories":[1],"tags":[],"class_list":["post-3761","post","type-post","status-publish","format-standard","has-post-thumbnail","hentry","category-uncategorized"],"acf":[],"_links":{"self":[{"href":"https:\/\/comisioncontralores.gob.mx\/2023\/wp-json\/wp\/v2\/posts\/3761","targetHints":{"allow":["GET"]}}],"collection":[{"href":"https:\/\/comisioncontralores.gob.mx\/2023\/wp-json\/wp\/v2\/posts"}],"about":[{"href":"https:\/\/comisioncontralores.gob.mx\/2023\/wp-json\/wp\/v2\/types\/post"}],"author":[{"embeddable":true,"href":"https:\/\/comisioncontralores.gob.mx\/2023\/wp-json\/wp\/v2\/users\/3"}],"replies":[{"embeddable":true,"href":"https:\/\/comisioncontralores.gob.mx\/2023\/wp-json\/wp\/v2\/comments?post=3761"}],"version-history":[{"count":1,"href":"https:\/\/comisioncontralores.gob.mx\/2023\/wp-json\/wp\/v2\/posts\/3761\/revisions"}],"predecessor-version":[{"id":3767,"href":"https:\/\/comisioncontralores.gob.mx\/2023\/wp-json\/wp\/v2\/posts\/3761\/revisions\/3767"}],"wp:featuredmedia":[{"embeddable":true,"href":"https:\/\/comisioncontralores.gob.mx\/2023\/wp-json\/wp\/v2\/media\/3766"}],"wp:attachment":[{"href":"https:\/\/comisioncontralores.gob.mx\/2023\/wp-json\/wp\/v2\/media?parent=3761"}],"wp:term":[{"taxonomy":"category","embeddable":true,"href":"https:\/\/comisioncontralores.gob.mx\/2023\/wp-json\/wp\/v2\/categories?post=3761"},{"taxonomy":"post_tag","embeddable":true,"href":"https:\/\/comisioncontralores.gob.mx\/2023\/wp-json\/wp\/v2\/tags?post=3761"}],"curies":[{"name":"wp","href":"https:\/\/api.w.org\/{rel}","templated":true}]}}