{"id":3914,"date":"2024-10-31T07:01:59","date_gmt":"2024-10-31T14:01:59","guid":{"rendered":"https:\/\/comisioncontralores.gob.mx\/2023\/?p=3914"},"modified":"2024-11-01T12:34:30","modified_gmt":"2024-11-01T19:34:30","slug":"ganadores-del-xix-concurso-nacional-transparencia-en-corto","status":"publish","type":"post","link":"https:\/\/comisioncontralores.gob.mx\/2023\/ganadores-del-xix-concurso-nacional-transparencia-en-corto\/","title":{"rendered":"Ganadores del XIX Concurso Nacional Transparencia en Corto"},"content":{"rendered":"<p>Puebla, Puebla; 31 de octubre de 2024<\/p>\n<p>En el marco de la Comisi\u00f3n Permanente de Contralores Estados-Federaci\u00f3n (CPCE-F) y como parte del Plan Anual de Trabajo 2024, la Secretar\u00eda de la Funci\u00f3n P\u00fablica del Gobierno del Estado de Puebla y Vocer\u00eda, son responsables dentro de la V. Comisi\u00f3n en materia de Transparencia, Rendici\u00f3n de Cuentas y Participaci\u00f3n Ciudadana, L\u00ednea de Acci\u00f3n 1: \u201cTransparencia\u201d, Proyecto 1 \u201cImplementaci\u00f3n de acciones de transparencia con la participaci\u00f3n de los j\u00f3venes de nivel bachillerato, preparatoria y universitarios\u201d, Actividad General: \u201cOrganizar el D\u00e9cimo Noveno Concurso Nacional Transparencia en Corto y promover su difusi\u00f3n a trav\u00e9s de las redes sociales\u201d; se informa que el d\u00eda 30 de octubre de 2024 se llev\u00f3 a cabo la sesi\u00f3n de deliberaci\u00f3n virtual para elegir a las y los ganadores del Concurso Nacional de Transparencia en Corto 2024, con el tema \u201cUso de las tecnolog\u00edas de la informaci\u00f3n y su impacto en la cultura de la transparencia y la rendici\u00f3n de cuentas\u201d, siendo las y los jurados nacionales:<\/p>\n<ul>\n<li aria-level=\"1\">Sarah Hoch Delong y Liliana Ang\u00e9lica Baeza Rea; del Festival Internacional de Cine Guanajuato.<\/li>\n<li aria-level=\"1\">Ernesto G\u00f3mez Maga\u00f1a, Director Ejecutivo de Participaci\u00f3n Ciudadana en ONG Contralor\u00eda Ciudadana para la Rendici\u00f3n de de Cuentas A.C.<\/li>\n<li aria-level=\"1\">Arturo Antonio Tay Balderas, Presidente de CANACINE Delegaci\u00f3n Puebla.<\/li>\n<\/ul>\n<p>En esta edici\u00f3n del Concurso se recibieron un total de 1312 cortometrajes, divididos en 628 de la Primera Categor\u00eda (15-18 a\u00f1os) y 684 de la Segunda Categor\u00eda (19-25 a\u00f1os). Los cortometrajes finalistas de los \u00d3rganos Estatales de Control fueron 153, divididos en 70 de la Primera Categor\u00eda (15-18 a\u00f1os) y 83 de la Segunda Categor\u00eda (19-25 a\u00f1os) teniendo como resultado a los siguientes cortometrajes ganadores:<\/p>\n<p><b>Primera Categor\u00eda (15 a 18 a\u00f1os):<\/b><\/p>\n<ul>\n<li aria-level=\"1\"><b>Primer lugar:<\/b> <b>\u201c#TodosSomosJorgeyJavier\u201d<\/b>, de Erick Diaz Gutierrez del Estado de Jalisco.<\/li>\n<li aria-level=\"1\"><b>Segundo lugar:<\/b> <b>\u201cLa sociedad del futuro\u201d, <\/b>de Renata Benedic Mondrag\u00f3n Orozco del Estado de Guanajuato.<\/li>\n<li aria-level=\"1\"><b>Tercer lugar:<\/b> <b>\u201cSvo\u2019obal Kipaltik (El Quinto Poder)\u201d, <\/b>de Liliana Mercedes G\u00f3mez P\u00e9rez del Estado de Chiapas.<\/li>\n<\/ul>\n<p><strong>Menciones Honor\u00edficas <b>(15 a 18 a\u00f1os)<\/b>:<\/strong><\/p>\n<ul>\n<li><strong>\u201cTecno-Justicia\u201d<\/strong> de Daniela Elizabeth Castillo Ceniceros del Estado de Durango.<\/li>\n<li><strong>\u201cSilencio del pasado, voz del presente\u201d<\/strong> de Cristian Joan Pulido Burgos del Estado de Sonora.<\/li>\n<li><strong>\u201cDif\u00fandeme&#8230;\u201d<\/strong> de Alejandra Sahain Prado Rivas del Estado de Baja California Sur.<\/li>\n<\/ul>\n<p><b>Segunda Categor\u00eda (19 a 25 a\u00f1os):<\/b><\/p>\n<ul>\n<li aria-level=\"1\"><b>Primer lugar: \u201cInexistente\u201d<\/b>, de Alberto Campos Trevi\u00f1o del Estado de Coahuila de Zaragoza.<\/li>\n<li aria-level=\"1\"><b>Segundo lugar:<\/b> <b>\u201cAdicta\u201d<\/b>, de Asunci\u00f3n Yazmin Hern\u00e1ndez Armenta del Estado de Puebla<\/li>\n<li aria-level=\"1\"><b>Tercer lugar:<\/b> \u201cRedes en movimiento\u201d, de Edgar David Lopez Ramirez del Estado de Tabasco.<\/li>\n<\/ul>\n<p>Menciones Honor\u00edficas<b> (19 a 25 a\u00f1os)<\/b>:<\/p>\n<ul>\n<li><strong>\u201cEl ojo de Presupuesto\u201d<\/strong> de Jenifer Calzada R\u00edos del Estado de Durango.<\/li>\n<li><strong>\u201cLa casita de Firus\u201d<\/strong> de Efr\u00e9n Villa Cort\u00e9s del Estado de Michoac\u00e1n de Ocampo.<\/li>\n<li><strong>\u201cUn aliado fuera de serie\u201d<\/strong> de Mar\u00eda Guadalupe Zurita Calixto del Estado de Tamaulipas.<\/li>\n<\/ul>\n","protected":false},"excerpt":{"rendered":"<p>Puebla, Puebla; 31 de octubre de 2024 En el marco de la Comisi\u00f3n Permanente de Contralores Estados-Federaci\u00f3n (CPCE-F) y como parte del Plan Anual de Trabajo 2024, la Secretar\u00eda de [&hellip;]<\/p>\n","protected":false},"author":3,"featured_media":3915,"comment_status":"open","ping_status":"open","sticky":false,"template":"","format":"standard","meta":{"_acf_changed":false,"footnotes":""},"categories":[1],"tags":[],"class_list":["post-3914","post","type-post","status-publish","format-standard","has-post-thumbnail","hentry","category-uncategorized"],"acf":[],"_links":{"self":[{"href":"https:\/\/comisioncontralores.gob.mx\/2023\/wp-json\/wp\/v2\/posts\/3914","targetHints":{"allow":["GET"]}}],"collection":[{"href":"https:\/\/comisioncontralores.gob.mx\/2023\/wp-json\/wp\/v2\/posts"}],"about":[{"href":"https:\/\/comisioncontralores.gob.mx\/2023\/wp-json\/wp\/v2\/types\/post"}],"author":[{"embeddable":true,"href":"https:\/\/comisioncontralores.gob.mx\/2023\/wp-json\/wp\/v2\/users\/3"}],"replies":[{"embeddable":true,"href":"https:\/\/comisioncontralores.gob.mx\/2023\/wp-json\/wp\/v2\/comments?post=3914"}],"version-history":[{"count":3,"href":"https:\/\/comisioncontralores.gob.mx\/2023\/wp-json\/wp\/v2\/posts\/3914\/revisions"}],"predecessor-version":[{"id":3928,"href":"https:\/\/comisioncontralores.gob.mx\/2023\/wp-json\/wp\/v2\/posts\/3914\/revisions\/3928"}],"wp:featuredmedia":[{"embeddable":true,"href":"https:\/\/comisioncontralores.gob.mx\/2023\/wp-json\/wp\/v2\/media\/3915"}],"wp:attachment":[{"href":"https:\/\/comisioncontralores.gob.mx\/2023\/wp-json\/wp\/v2\/media?parent=3914"}],"wp:term":[{"taxonomy":"category","embeddable":true,"href":"https:\/\/comisioncontralores.gob.mx\/2023\/wp-json\/wp\/v2\/categories?post=3914"},{"taxonomy":"post_tag","embeddable":true,"href":"https:\/\/comisioncontralores.gob.mx\/2023\/wp-json\/wp\/v2\/tags?post=3914"}],"curies":[{"name":"wp","href":"https:\/\/api.w.org\/{rel}","templated":true}]}}