{"id":3994,"date":"2024-11-20T09:35:51","date_gmt":"2024-11-20T16:35:51","guid":{"rendered":"https:\/\/comisioncontralores.gob.mx\/2023\/?p=3994"},"modified":"2025-05-09T10:48:47","modified_gmt":"2025-05-09T17:48:47","slug":"con-el-objetivo-de-impulsar-la-excelencia-en-la-gestion-publica-se-inauguro-en-puebla-la-lxxiii-reunion-nacional-de-la-comision-permanente-de-contralores-estados-federacion","status":"publish","type":"post","link":"https:\/\/comisioncontralores.gob.mx\/2023\/con-el-objetivo-de-impulsar-la-excelencia-en-la-gestion-publica-se-inauguro-en-puebla-la-lxxiii-reunion-nacional-de-la-comision-permanente-de-contralores-estados-federacion\/","title":{"rendered":"Con el objetivo de impulsar la excelencia en la gesti\u00f3n p\u00fablica, se inaugur\u00f3 en Puebla la LXXIII Reuni\u00f3n Nacional de la Comisi\u00f3n Permanente de Contralores Estados-Federaci\u00f3n."},"content":{"rendered":"<ul>\n<li>Puebla, Puebla a 19 de noviembre de 2024.\n<p>Con el objetivo de impulsar la excelencia en la gesti\u00f3n p\u00fablica, se inaugur\u00f3 en Puebla la LXXIII Reuni\u00f3n Nacional de la Comisi\u00f3n Permanente de Contralores Estados-Federaci\u00f3n.<\/p>\n<p>La Reuni\u00f3n Nacional de tres d\u00edas, concluy\u00f3 el 15 de noviembre. Incluy\u00f3 8 conferencias, 2 ponencias, 1 mesa panel, as\u00ed como resultados de los proyectos de las contralor\u00edas estatales.<\/p>\n<p>Participaron representantes del Gobierno del Estado de Puebla, la Secretar\u00eda de la Funci\u00f3n P\u00fablica, la Auditor\u00eda Superior de la Federaci\u00f3n, la Secretar\u00eda de Hacienda y Cr\u00e9dito P\u00fablico, el Instituto para el Desarrollo T\u00e9cnico de las Haciendas P\u00fablicas, la Asociaci\u00f3n de Auditores, Contralores y Tesoreros de los Estados de Estados Unidos (NASACT), de manera particular representantes de los Estados de Oregon y Washington.<\/p>\n<p>En la tarde del 13 de noviembre, se llev\u00f3 a cabo la inauguraci\u00f3n de la LXXIII Reuni\u00f3n Nacional de la Comisi\u00f3n Permanente de Contralores Estados-Federaci\u00f3n (CPCE-F), con el prop\u00f3sito de abordar los avances en materia de fiscalizaci\u00f3n y la mejora de la gesti\u00f3n p\u00fablica mediante el control interno en los gobiernos federal y estatales.<\/p>\n<p>En el acto protocolario de inauguraci\u00f3n, se cont\u00f3 con las valiosas intervenciones de:<\/p>\n<p>&#8211; la Mtra. Raquel Buenrostro S\u00e1nchez, Secretaria de la Funci\u00f3n P\u00fablica y Presidenta de la CPCE-F, mediante la cual dio a conocer los 10 pilares de la prevenci\u00f3n y el combate a la corrupci\u00f3n que impulsar\u00e1 la nueva Secretar\u00eda Anticorrupci\u00f3n y Buen Gobierno.<\/p>\n<p>&#8211; la Lic. Rosa Cristina Buendia Soto, Contralora General del Estado de Baja California Sur y Coordinadora Nacional de la CPCE-F,<\/p>\n<p>&#8211; Mtro. Juan Carlos Moreno Valle Abdala, Secretario de la Funci\u00f3n P\u00fablica del Gobierno del Estado de Puebla y anfitri\u00f3n de la LXXIII Reuni\u00f3n Nacional de la CPCE-F,<\/p>\n<p>&#8211; Lic. David Rogelio Colmenares P\u00e1ramo, Auditor Superior de la Federaci\u00f3n y,<\/p>\n<p>&#8211; Kinney Poynter, Consejero Delegado de la Asociaci\u00f3n de Auditores, Contralores y Tesoreros Estatales de Estados Unidos (NASACT).<\/p>\n<p>Este evento fue inaugurado por:<br \/>\n&#8211; el Lic. Sergio Salom\u00f3n C\u00e9spedes Peregrina, Gobernador del Estado de Puebla.<\/p>\n<p>As\u00ed mismo, en la inauguraci\u00f3n tambi\u00e9n se llev\u00f3 a cabo la importante ceremonia de premiaci\u00f3n para <a href=\"https:\/\/comisioncontralores.gob.mx\/2023\/ganadores-nacionales-de-la-xvi-edicion-del-premio-nacional-de-contraloria-social\/\">ganadores del XVI Premio Nacional de Contralor\u00eda Social<\/a> y el <a href=\"https:\/\/comisioncontralores.gob.mx\/2023\/ganadores-del-xix-concurso-nacional-transparencia-en-corto\/\">XIX Concurso Nacional Transparencia en Corto<\/a>, donde se reconoci\u00f3 el compromiso y esfuerzo de estos proyectos por fortalecer la transparencia y la participaci\u00f3n ciudadana en M\u00e9xico.<\/p>\n<p>Durante los tres d\u00edas de la LXXIII Reuni\u00f3n Nacional, las actividades incluyeron conferencias que trataron el balance de las relaciones fiscales con las entidades federativas, fiscalizaci\u00f3n superior cuenta p\u00fablica 2023 y Nuevos Proyectos Cuenta P\u00fablica 2024, el nuevo paradigma de la prevenci\u00f3n y el buen gobierno, nuevas reformas, auditor\u00eda colaborativa en el pac\u00edfico noroccidental y la importancia del control interno en la buena marcha de la hacienda p\u00fablica<\/p>\n<p>Tambi\u00e9n se llev\u00f3 a cabo una mesa panel de responsabilidades y dos ponencias de mejores pr\u00e1cticas.<\/p>\n<p>De igual manera, durante la LXXIII Reuni\u00f3n Nacional de contralor\u00edas se dieron a conocer los resultados de los proyectos de las coordinaciones regionales, vocer\u00eda y comisar\u00eda del Programa Anual de Trabajo 2024.<\/li>\n<\/ul>\n<p>&nbsp;<\/p>\n","protected":false},"excerpt":{"rendered":"<p>Puebla, Puebla a 19 de noviembre de 2024. Con el objetivo de impulsar la excelencia en la gesti\u00f3n p\u00fablica, se inaugur\u00f3 en Puebla la LXXIII Reuni\u00f3n Nacional de la Comisi\u00f3n [&hellip;]<\/p>\n","protected":false},"author":3,"featured_media":0,"comment_status":"open","ping_status":"open","sticky":false,"template":"","format":"standard","meta":{"_acf_changed":false,"footnotes":""},"categories":[1],"tags":[],"class_list":["post-3994","post","type-post","status-publish","format-standard","hentry","category-uncategorized"],"acf":[],"_links":{"self":[{"href":"https:\/\/comisioncontralores.gob.mx\/2023\/wp-json\/wp\/v2\/posts\/3994","targetHints":{"allow":["GET"]}}],"collection":[{"href":"https:\/\/comisioncontralores.gob.mx\/2023\/wp-json\/wp\/v2\/posts"}],"about":[{"href":"https:\/\/comisioncontralores.gob.mx\/2023\/wp-json\/wp\/v2\/types\/post"}],"author":[{"embeddable":true,"href":"https:\/\/comisioncontralores.gob.mx\/2023\/wp-json\/wp\/v2\/users\/3"}],"replies":[{"embeddable":true,"href":"https:\/\/comisioncontralores.gob.mx\/2023\/wp-json\/wp\/v2\/comments?post=3994"}],"version-history":[{"count":4,"href":"https:\/\/comisioncontralores.gob.mx\/2023\/wp-json\/wp\/v2\/posts\/3994\/revisions"}],"predecessor-version":[{"id":4780,"href":"https:\/\/comisioncontralores.gob.mx\/2023\/wp-json\/wp\/v2\/posts\/3994\/revisions\/4780"}],"wp:attachment":[{"href":"https:\/\/comisioncontralores.gob.mx\/2023\/wp-json\/wp\/v2\/media?parent=3994"}],"wp:term":[{"taxonomy":"category","embeddable":true,"href":"https:\/\/comisioncontralores.gob.mx\/2023\/wp-json\/wp\/v2\/categories?post=3994"},{"taxonomy":"post_tag","embeddable":true,"href":"https:\/\/comisioncontralores.gob.mx\/2023\/wp-json\/wp\/v2\/tags?post=3994"}],"curies":[{"name":"wp","href":"https:\/\/api.w.org\/{rel}","templated":true}]}}