{"id":5107,"date":"2025-09-26T12:17:42","date_gmt":"2025-09-26T19:17:42","guid":{"rendered":"https:\/\/comisioncontralores.gob.mx\/2023\/?p=5107"},"modified":"2025-09-26T13:29:32","modified_gmt":"2025-09-26T20:29:32","slug":"proceso-de-eleccion-del-titular-de-la-coordinacion-nacional-2026","status":"publish","type":"post","link":"https:\/\/comisioncontralores.gob.mx\/2023\/proceso-de-eleccion-del-titular-de-la-coordinacion-nacional-2026\/","title":{"rendered":"Proceso de elecci\u00f3n del titular de la Coordinaci\u00f3n Nacional 2026"},"content":{"rendered":"<p>Se emite la convocatoria para las y los integrantes de la referida CPCE-F interesados(as) en participar en el proceso de elecci\u00f3n de la persona titular de la Coordinaci\u00f3n Nacional de dicha Comisi\u00f3n, deben presentar su candidatura, conforme a la siguiente informaci\u00f3n.<\/p>\n<p>&nbsp;<br \/>\n<center><a href=\"https:\/\/comisioncontralores.gob.mx\/2023\/wp-content\/uploads\/2025\/09\/Oficio-CPCE-F-SIN-059-2025.-Convocatoria-Coordinacion-Nacional-2026.pdf\" style=\"padding: 10px;background-color: #72ae47;color: white;border-radius: 5px;\">Leer Convocatoria<\/a><\/center><\/p>\n","protected":false},"excerpt":{"rendered":"<p>Se emite la convocatoria para las y los integrantes de la referida CPCE-F interesados(as) en participar en el proceso de elecci\u00f3n de la persona titular de la Coordinaci\u00f3n Nacional de [&hellip;]<\/p>\n","protected":false},"author":3,"featured_media":5108,"comment_status":"open","ping_status":"open","sticky":false,"template":"","format":"standard","meta":{"_acf_changed":false,"footnotes":""},"categories":[1],"tags":[],"class_list":["post-5107","post","type-post","status-publish","format-standard","has-post-thumbnail","hentry","category-uncategorized"],"acf":[],"_links":{"self":[{"href":"https:\/\/comisioncontralores.gob.mx\/2023\/wp-json\/wp\/v2\/posts\/5107","targetHints":{"allow":["GET"]}}],"collection":[{"href":"https:\/\/comisioncontralores.gob.mx\/2023\/wp-json\/wp\/v2\/posts"}],"about":[{"href":"https:\/\/comisioncontralores.gob.mx\/2023\/wp-json\/wp\/v2\/types\/post"}],"author":[{"embeddable":true,"href":"https:\/\/comisioncontralores.gob.mx\/2023\/wp-json\/wp\/v2\/users\/3"}],"replies":[{"embeddable":true,"href":"https:\/\/comisioncontralores.gob.mx\/2023\/wp-json\/wp\/v2\/comments?post=5107"}],"version-history":[{"count":2,"href":"https:\/\/comisioncontralores.gob.mx\/2023\/wp-json\/wp\/v2\/posts\/5107\/revisions"}],"predecessor-version":[{"id":5112,"href":"https:\/\/comisioncontralores.gob.mx\/2023\/wp-json\/wp\/v2\/posts\/5107\/revisions\/5112"}],"wp:featuredmedia":[{"embeddable":true,"href":"https:\/\/comisioncontralores.gob.mx\/2023\/wp-json\/wp\/v2\/media\/5108"}],"wp:attachment":[{"href":"https:\/\/comisioncontralores.gob.mx\/2023\/wp-json\/wp\/v2\/media?parent=5107"}],"wp:term":[{"taxonomy":"category","embeddable":true,"href":"https:\/\/comisioncontralores.gob.mx\/2023\/wp-json\/wp\/v2\/categories?post=5107"},{"taxonomy":"post_tag","embeddable":true,"href":"https:\/\/comisioncontralores.gob.mx\/2023\/wp-json\/wp\/v2\/tags?post=5107"}],"curies":[{"name":"wp","href":"https:\/\/api.w.org\/{rel}","templated":true}]}}