{"id":92,"date":"2023-03-11T07:29:14","date_gmt":"2023-03-11T14:29:14","guid":{"rendered":"http:\/\/comisioncontralores.gob.mx\/2023\/?p=92"},"modified":"2023-04-17T17:43:57","modified_gmt":"2023-04-18T00:43:57","slug":"otro-post-nuevo","status":"publish","type":"post","link":"https:\/\/comisioncontralores.gob.mx\/2023\/otro-post-nuevo\/","title":{"rendered":"Realizan Contralores M\u00e9xico Primera Reuni\u00f3n Ordinaria 2023 de la Regi\u00f3n Centro-Golfo-Istmo"},"content":{"rendered":"<p>San Andr\u00e9s Cholula, Puebla; 17 de febrero 2023.- Con el objetivo de dar seguimiento a los avances en las l\u00edneas de acci\u00f3n de la Comisi\u00f3n Permanente de Contralores Estado-Federaci\u00f3n (CPCE-F), se llev\u00f3 a cabo la primera Reuni\u00f3n Ordinaria 2023 de la regi\u00f3n Centro Golfo-Istmo.<\/p>\n<p>Ante las y los titulares de los \u00d3rganos Estatales de Control de Hidalgo, Oaxaca, Puebla, Tlaxcala y Veracruz, coordinaci\u00f3n nacional, as\u00ed como sus hom\u00f3logos municipales, Sergio Salom\u00f3n C\u00e9spedes Peregrina, gobernador del estado de Puebla, inaugur\u00f3 las actividades correspondientes a la reuni\u00f3n ordinaria 2023 en el Auditorio del Museo Internacional Barroco.<\/p>\n<p>En su mensaje, el gobernador del estado invit\u00f3 a las y los presentes a trabajar con honestidad y transparencia en la labor de control estatal y municipal, palabras con las que coincidieron Juan Carlos Valle Abdal\u00e1, Secretario de la Funci\u00f3n P\u00fablica del Gobierno del Estado de Puebla; Juan Jos\u00e9 Serrano Mendoza, Secretario de la Contralor\u00eda General de la Ciudad de M\u00e9xico y Coordinador Nacional de la CPCE-F as\u00ed como de Eduardo Gurza Curiel, titular de la Unidad de Auditor\u00eda a Contrataciones P\u00fablicas de la Secretar\u00eda de la Funci\u00f3n P\u00fablica y Presidente Suplente de la CPCE-F.<\/p>\n<p>En el desarrollo de la reuni\u00f3n, se definieron y aportaron avances en temas de transparencia y contralor\u00eda social, como el pr\u00f3ximo Concurso Nacional de Transparencia en Corto, Premio Nacional de Contralor\u00eda Social, Mural de Expresiones, Comit\u00e9s de Contraloria Social, revista electr\u00f3nica \u201cContralores M\u00e9xico\u201d, as\u00ed como temas de organizaci\u00f3n interna.<\/p>\n<p>Como parte de las capacitaciones constantes a las y los \u00d3rganos Estatales de Control (OEC) as\u00ed como con hom\u00f3logos municipales, se imparti\u00f3 la conferencia \u201cFiscalizaci\u00f3n Superior al Gasto Federalizado\u201d a cargo de Emilio Barriga Delgado, Auditor Especial de Gasto federalizado de la Auditor\u00eda Superior de la Federaci\u00f3n, con la finalidad de ampliar el conocimiento sobre las acciones de control federal.<\/p>\n<p>Las y los secretarios t\u00e9cnicos de los OEC de la regi\u00f3n Centro Golfo-Istmo, de la coordinaci\u00f3n nacional y personal de la Secretar\u00eda de la Funci\u00f3n P\u00fablica, se dieron a la tarea de coordinar las actividades con anticipaci\u00f3n, realizando la Reuni\u00f3n Previa el d\u00eda 16 de febrero, desde donde detallaron la agenda de actividades de la Reuni\u00f3n Ordinaria.<\/p>\n<p>A la clausura del evento, las y los contralores generaron contenido audiovisual individual en el que invitaron a la ciudadan\u00eda a visitar y seguir las redes sociales de @ContraloresMx en Facebook, Twitter e Instagram, para que visualicen las acciones de trabajo conjunto.<\/p>\n","protected":false},"excerpt":{"rendered":"<p>San Andr\u00e9s Cholula, Puebla; 17 de febrero 2023.- Con el objetivo de dar seguimiento a los avances en las l\u00edneas de acci\u00f3n de la Comisi\u00f3n Permanente de Contralores Estado-Federaci\u00f3n (CPCE-F), [&hellip;]<\/p>\n","protected":false},"author":3,"featured_media":1962,"comment_status":"open","ping_status":"open","sticky":false,"template":"","format":"standard","meta":{"_acf_changed":false,"footnotes":""},"categories":[1],"tags":[],"class_list":["post-92","post","type-post","status-publish","format-standard","has-post-thumbnail","hentry","category-uncategorized"],"acf":[],"_links":{"self":[{"href":"https:\/\/comisioncontralores.gob.mx\/2023\/wp-json\/wp\/v2\/posts\/92","targetHints":{"allow":["GET"]}}],"collection":[{"href":"https:\/\/comisioncontralores.gob.mx\/2023\/wp-json\/wp\/v2\/posts"}],"about":[{"href":"https:\/\/comisioncontralores.gob.mx\/2023\/wp-json\/wp\/v2\/types\/post"}],"author":[{"embeddable":true,"href":"https:\/\/comisioncontralores.gob.mx\/2023\/wp-json\/wp\/v2\/users\/3"}],"replies":[{"embeddable":true,"href":"https:\/\/comisioncontralores.gob.mx\/2023\/wp-json\/wp\/v2\/comments?post=92"}],"version-history":[{"count":3,"href":"https:\/\/comisioncontralores.gob.mx\/2023\/wp-json\/wp\/v2\/posts\/92\/revisions"}],"predecessor-version":[{"id":1956,"href":"https:\/\/comisioncontralores.gob.mx\/2023\/wp-json\/wp\/v2\/posts\/92\/revisions\/1956"}],"wp:featuredmedia":[{"embeddable":true,"href":"https:\/\/comisioncontralores.gob.mx\/2023\/wp-json\/wp\/v2\/media\/1962"}],"wp:attachment":[{"href":"https:\/\/comisioncontralores.gob.mx\/2023\/wp-json\/wp\/v2\/media?parent=92"}],"wp:term":[{"taxonomy":"category","embeddable":true,"href":"https:\/\/comisioncontralores.gob.mx\/2023\/wp-json\/wp\/v2\/categories?post=92"},{"taxonomy":"post_tag","embeddable":true,"href":"https:\/\/comisioncontralores.gob.mx\/2023\/wp-json\/wp\/v2\/tags?post=92"}],"curies":[{"name":"wp","href":"https:\/\/api.w.org\/{rel}","templated":true}]}}